{"id":996,"date":"2026-03-16T20:33:38","date_gmt":"2026-03-16T18:33:38","guid":{"rendered":"https:\/\/antaxi.es\/?p=996"},"modified":"2026-03-16T20:34:41","modified_gmt":"2026-03-16T18:34:41","slug":"antaxi-firma-un-acuerdo-decisivo-para-la-jubilacion-anticipada-en-el-taxi","status":"publish","type":"post","link":"https:\/\/antaxi.es\/?p=996","title":{"rendered":"ANTAXI firma un acuerdo decisivo para la jubilaci\u00f3n anticipada en el taxi"},"content":{"rendered":"\n<h1 class=\"wp-block-heading\"><strong>ANTAXI firma un acuerdo decisivo para la jubilaci\u00f3n anticipada en el taxi<\/strong><\/h1>\n\n\n\n<ul>\n<li><strong>La Asociaci\u00f3n Nacional del Taxi agradece a ATA y CEOE su colaboraci\u00f3n para cerrar el acuerdo, que tambi\u00e9n ser\u00e1 ratificado por CCOO y UGT<\/strong><\/li>\n\n\n\n<li><strong>Tras la firma de todos los agentes sociales implicados, la solicitud se presentar\u00e1 de manera oficial<\/strong><\/li>\n<\/ul>\n\n\n\n<p><strong>Madrid, 16 de marzo de 2026.-<\/strong><a> <\/a>La Asociaci\u00f3n Nacional del Taxi (ANTAXI) ha firmado un acuerdo con ATA y CEOE para activar la <strong>solicitud de jubilaci\u00f3n anticipada con coeficientes reductores para los profesionales aut\u00f3nomos del taxi<\/strong>. El acuerdo ha sido firmado esta ma\u00f1ana por el presidente de ANTAXI, Julio Sanz; el vicepresidente de CEOE, Lorenzo Amor; y la vicepresidenta de ATA, Celia Pilar Ferrero.<\/p>\n\n\n\n<p>Este acuerdo se oficializa despu\u00e9s de que ANTAXI haya trabajado minuciosamente en la recopilaci\u00f3n de informaci\u00f3n y la elaboraci\u00f3n de informes que demuestran, de manera fehaciente, que <strong>los profesionales del taxi cumplen con los requisitos suficientes para poder acogerse a los coeficientes reductores<\/strong> que les permitan rebajar su edad de jubilaci\u00f3n.<\/p>\n\n\n\n<figure class=\"wp-block-image size-large\"><img loading=\"lazy\" decoding=\"async\" width=\"1024\" height=\"682\" src=\"https:\/\/antaxi.es\/wp-content\/uploads\/2026\/03\/Firma-ANTAXI_CEOE_ATA_jubilacion-1024x682.jpeg\" alt=\"\" class=\"wp-image-997\" srcset=\"https:\/\/antaxi.es\/wp-content\/uploads\/2026\/03\/Firma-ANTAXI_CEOE_ATA_jubilacion-1024x682.jpeg 1024w, https:\/\/antaxi.es\/wp-content\/uploads\/2026\/03\/Firma-ANTAXI_CEOE_ATA_jubilacion-300x200.jpeg 300w, https:\/\/antaxi.es\/wp-content\/uploads\/2026\/03\/Firma-ANTAXI_CEOE_ATA_jubilacion-768x512.jpeg 768w, https:\/\/antaxi.es\/wp-content\/uploads\/2026\/03\/Firma-ANTAXI_CEOE_ATA_jubilacion-930x620.jpeg 930w, https:\/\/antaxi.es\/wp-content\/uploads\/2026\/03\/Firma-ANTAXI_CEOE_ATA_jubilacion.jpeg 1154w\" sizes=\"(max-width: 1024px) 100vw, 1024px\" \/><\/figure>\n\n\n\n<p>El Real Decreto 402\/2025, de 27 de mayo, determina qu\u00e9 actividades profesionales tienen acceso a la jubilaci\u00f3n anticipada ateni\u00e9ndose a la penosidad, toxicidad, insalubridad o peligrosidad del trabajo realizado, as\u00ed como cu\u00e1l es el sistema de evaluaci\u00f3n y qui\u00e9nes pueden realizar la solicitud formal. Acogi\u00e9ndose a lo dispuesto en este Real Decreto y como entidad representante de los profesionales aut\u00f3nomos del taxi y defensora de sus derechos, ANTAXI inici\u00f3 hace semanas los tr\u00e1mites para la presentaci\u00f3n de la solicitud. Sin embargo, para que la solicitud sea admitida, debe presentarse bajo acuerdo entre patronales, organizaciones de profesionales aut\u00f3nomos y sindicatos. Por ello, <strong>ANTAXI agradece la colaboraci\u00f3n y buena disposici\u00f3n de todas las partes implicadas<\/strong>.<\/p>\n\n\n\n<p>Mientras que CEOE y ATA ya han suscrito el acuerdo, se espera que CCOO y UGT hagan lo propio lo antes posible. Una vez firmada la solicitud por todas las partes, se presentar\u00e1 a la Direcci\u00f3n General de Ordenaci\u00f3n de la Seguridad Social, que tendr\u00e1 un plazo de seis meses para emitir una respuesta.<\/p>\n\n\n\n<figure class=\"wp-block-image size-large\"><img loading=\"lazy\" decoding=\"async\" width=\"1024\" height=\"768\" src=\"https:\/\/antaxi.es\/wp-content\/uploads\/2026\/03\/Acuerdo-ANTAXI_CEOE_ATA_jubilacion-2-1024x768.jpg\" alt=\"\" class=\"wp-image-998\" srcset=\"https:\/\/antaxi.es\/wp-content\/uploads\/2026\/03\/Acuerdo-ANTAXI_CEOE_ATA_jubilacion-2-1024x768.jpg 1024w, https:\/\/antaxi.es\/wp-content\/uploads\/2026\/03\/Acuerdo-ANTAXI_CEOE_ATA_jubilacion-2-300x225.jpg 300w, https:\/\/antaxi.es\/wp-content\/uploads\/2026\/03\/Acuerdo-ANTAXI_CEOE_ATA_jubilacion-2-768x576.jpg 768w, https:\/\/antaxi.es\/wp-content\/uploads\/2026\/03\/Acuerdo-ANTAXI_CEOE_ATA_jubilacion-2-1536x1152.jpg 1536w, https:\/\/antaxi.es\/wp-content\/uploads\/2026\/03\/Acuerdo-ANTAXI_CEOE_ATA_jubilacion-2-2048x1536.jpg 2048w\" sizes=\"(max-width: 1024px) 100vw, 1024px\" \/><\/figure>\n\n\n\n<p>ANTAXI se muestra optimista con la resoluci\u00f3n de la solicitud de un derecho que, como se\u00f1ala de Julio Sanz, es \u201cabsolutamente necesario para ofrecer mayores garant\u00edas a los taxistas, cuya salud se resiente ante la exigencia de una actividad catalogada como servicio p\u00fabico esencial\u201d. En cuanto a la colaboraci\u00f3n de los agentes implicados, Sanz celebra que \u201ctodos vayamos en la misma direcci\u00f3n en una cuesti\u00f3n tan relevante como es <strong>proteger la salud de los profesionales y, en consecuencia, el futuro del sector como servicio p\u00fablico de calidad<\/strong>\u201d.<\/p>\n","protected":false},"excerpt":{"rendered":"<p>ANTAXI firma un acuerdo decisivo para la jubilaci\u00f3n anticipada en el taxi Madrid, 16 de marzo de 2026.- La Asociaci\u00f3n Nacional del Taxi (ANTAXI) ha firmado un acuerdo con ATA y CEOE para activar la solicitud de jubilaci\u00f3n anticipada con coeficientes reductores para los profesionales aut\u00f3nomos del taxi. El acuerdo ha sido firmado esta ma\u00f1ana&hellip;&nbsp;<a href=\"https:\/\/antaxi.es\/?p=996\" class=\"\" rel=\"bookmark\">Leer m\u00e1s &raquo;<span class=\"screen-reader-text\">ANTAXI firma un acuerdo decisivo para la jubilaci\u00f3n anticipada en el taxi<\/span><\/a><\/p>\n","protected":false},"author":4,"featured_media":997,"comment_status":"open","ping_status":"open","sticky":false,"template":"","format":"standard","meta":{"neve_meta_sidebar":"","neve_meta_container":"","neve_meta_enable_content_width":"","neve_meta_content_width":0,"neve_meta_title_alignment":"","neve_meta_author_avatar":"","neve_post_elements_order":"","neve_meta_disable_header":"","neve_meta_disable_footer":"","neve_meta_disable_title":"","_ti_tpc_template_sync":false,"_ti_tpc_template_id":"","footnotes":""},"categories":[20,1],"tags":[],"_links":{"self":[{"href":"https:\/\/antaxi.es\/index.php?rest_route=\/wp\/v2\/posts\/996"}],"collection":[{"href":"https:\/\/antaxi.es\/index.php?rest_route=\/wp\/v2\/posts"}],"about":[{"href":"https:\/\/antaxi.es\/index.php?rest_route=\/wp\/v2\/types\/post"}],"author":[{"embeddable":true,"href":"https:\/\/antaxi.es\/index.php?rest_route=\/wp\/v2\/users\/4"}],"replies":[{"embeddable":true,"href":"https:\/\/antaxi.es\/index.php?rest_route=%2Fwp%2Fv2%2Fcomments&post=996"}],"version-history":[{"count":1,"href":"https:\/\/antaxi.es\/index.php?rest_route=\/wp\/v2\/posts\/996\/revisions"}],"predecessor-version":[{"id":999,"href":"https:\/\/antaxi.es\/index.php?rest_route=\/wp\/v2\/posts\/996\/revisions\/999"}],"wp:featuredmedia":[{"embeddable":true,"href":"https:\/\/antaxi.es\/index.php?rest_route=\/wp\/v2\/media\/997"}],"wp:attachment":[{"href":"https:\/\/antaxi.es\/index.php?rest_route=%2Fwp%2Fv2%2Fmedia&parent=996"}],"wp:term":[{"taxonomy":"category","embeddable":true,"href":"https:\/\/antaxi.es\/index.php?rest_route=%2Fwp%2Fv2%2Fcategories&post=996"},{"taxonomy":"post_tag","embeddable":true,"href":"https:\/\/antaxi.es\/index.php?rest_route=%2Fwp%2Fv2%2Ftags&post=996"}],"curies":[{"name":"wp","href":"https:\/\/api.w.org\/{rel}","templated":true}]}}