{"id":983,"date":"2025-08-21T12:52:32","date_gmt":"2025-08-21T10:52:32","guid":{"rendered":"https:\/\/antaxi.es\/?p=983"},"modified":"2025-08-21T12:52:35","modified_gmt":"2025-08-21T10:52:35","slug":"antaxi-celebra-la-publicacion-del-ix-convenio-colectivo-del-taxi","status":"publish","type":"post","link":"https:\/\/antaxi.es\/?p=983","title":{"rendered":"ANTAXI celebra la publicaci\u00f3n del IX Convenio Colectivo del Taxi"},"content":{"rendered":"\n<ul>\n<li><a><strong>La Asociaci\u00f3n Nacional del Taxi agradece a los agentes sociales el trabajo realizado para el desarrollo de este texto pese a las dificultades surgidas durante la negociaci\u00f3n<\/strong><\/a><\/li>\n<\/ul>\n\n\n\n<ul>\n<li><strong>Este convenio protege los derechos de los trabajadores del taxi en cuestiones tan relevantes para mejorar las condiciones de los profesionales como la jubilaci\u00f3n anticipada y da garant\u00edas jur\u00eddicas a los empresarios del sector<\/strong><\/li>\n<\/ul>\n\n\n\n<p><strong>Madrid, 19 de agosto de 2025.-<\/strong><a> <\/a>La <strong>Asociaci\u00f3n Nacional del Taxi (ANTAXI) celebra la publicaci\u00f3n del IX Convenio colectivo nacional para el sector Auto-Taxis <\/strong>por parte de la Direcci\u00f3n General de Trabajo, un nuevo texto desarrollado para proteger a los empresarios del sector (peque\u00f1os aut\u00f3nomos) mejorando las condiciones de los trabajadores del taxi. Este convenio llega tras casi dos a\u00f1os de negociaci\u00f3n, un largo periodo, no exento de pol\u00e9mica, en el que <strong>ANTAXI ha defendido los intereses y derechos de los profesionales del taxi<\/strong> con el firme objetivo de garantizar el futuro del sector.<\/p>\n\n\n\n<p>La publicaci\u00f3n de este convenio supone un paso importante en la <strong>mejora de derechos de los taxistas como profesionales, como es el caso del acceso a la jubilaci\u00f3n anticipada<\/strong>. En primer lugar, el texto sienta las bases para que tanto aut\u00f3nomos como asalariados del sector puedan acceder a los denominados coeficientes reductores, condici\u00f3n necesaria para que los profesionales del taxi puedan acogerse a esta modalidad de jubilaci\u00f3n. De esta forma, el renovado convenio responde a una reivindicaci\u00f3n hist\u00f3rica del sector y abre la puerta a una <strong>transici\u00f3n laboral m\u00e1s justa para los profesionales de un servicio p\u00fablico de inter\u00e9s general como es el taxi<\/strong>.<\/p>\n\n\n\n<p>Por otro lado, este convenio reafirma el compromiso del colectivo del taxi con la excelencia del servicio, la dignidad profesional y el bienestar del usuario. El sector se posiciona como un referente de calidad, legalidad y responsabilidad social frente a los modelos de movilidad de las plataformas, los cuales fomentan la precariedad laboral sin ofrecer una garant\u00eda de futuro al trabajador.<\/p>\n\n\n\n<p>Desde ANTAXI agradecen a los agentes sociales el arduo trabajo realizado en el desarrollo de este texto. <strong>El presidente de ANTAXI, Julio Sanz, ha mostrado su satisfacci\u00f3n por la publicaci\u00f3n del convenio<\/strong> y por lo que supone para la protecci\u00f3n tanto de aut\u00f3nomos como de asalariados: \u201cNos congratula que este convenio represente a la amplia mayor\u00eda del colectivo y ofrezca seguridad jur\u00eddica a los aut\u00f3nomos que contratan a trabajadores, as\u00ed como mejoras para los<\/p>\n\n\n\n<p>asalariados, las cuales acompa\u00f1an al avance social del pa\u00eds hacia la modernidad y la b\u00fasqueda de una sociedad m\u00e1s justa\u201d.<\/p>\n\n\n\n<p>Este convenio ha sido suscrito por ANTAXI y por las organizaciones sindicales CC.OO. y FESM-UGT. Sin embargo, la publicaci\u00f3n de este texto llega tras un complejo proceso de negociaci\u00f3n, el cual se ha paralizado en varias ocasiones a causa de las reticencias de la parte minoritaria del sector, la m\u00e1s reacia a evolucionar y que, lejos de abogar por avanzar socialmente, ha optado por recurrir a \u201cargucias legales\u201d. Esta minor\u00eda se ha encargado de frenar el proceso presentando denuncias ante la Audiencia Nacional y solicitudes de arbitrajes en el SIMA, acciones sin fundamento que solo han provocado el retraso de un acuerdo que, sin duda, ser\u00e1 beneficioso para el sector.<\/p>\n\n\n\n<p>En total, han sido 22 meses de conversaciones en las que, a pesar de las dificultades, las negociaciones han salido adelante hasta dar forma a un <strong>convenio que ofrece garant\u00edas a los aut\u00f3nomos que contratan y mejora las condiciones de los trabajadores del taxi, <\/strong>sentando las bases para que la conocida como econom\u00eda de plataforma cumpla con las mismas obligaciones que los peque\u00f1os aut\u00f3nomos y poniendo fin a las pr\u00e1cticas abusivas que han precarizado el sector. \u201cEste convenio est\u00e1 pensado para <strong>proteger a los aut\u00f3nomos profesionales del taxi frente a los mal denominados inversores del sector<\/strong>, ahora, ya no les vale solo con poner el cazo sin asumir responsabilidades\u201d, ha explicado Sanz.<\/p>\n\n\n\n<p>Con el texto ya aprobado, este convenio se convierte en un punto de referencia para otras actividades de transporte, que pueden incluso tomarlo como la base para futuros convenios dirigidos hacia <strong>un transporte m\u00e1s justo, moderno y comprometido con sus profesionales<\/strong>.<\/p>\n\n\n<div class=\"wp-block-image\">\n<figure class=\"aligncenter size-large\"><img loading=\"lazy\" decoding=\"async\" width=\"501\" height=\"1024\" src=\"https:\/\/antaxi.es\/wp-content\/uploads\/2025\/08\/ANTAXI-CONVENIO-COLECTIVO-501x1024.jpg\" alt=\"\" class=\"wp-image-984\" srcset=\"https:\/\/antaxi.es\/wp-content\/uploads\/2025\/08\/ANTAXI-CONVENIO-COLECTIVO-501x1024.jpg 501w, https:\/\/antaxi.es\/wp-content\/uploads\/2025\/08\/ANTAXI-CONVENIO-COLECTIVO-147x300.jpg 147w, https:\/\/antaxi.es\/wp-content\/uploads\/2025\/08\/ANTAXI-CONVENIO-COLECTIVO.jpg 570w\" sizes=\"(max-width: 501px) 100vw, 501px\" \/><\/figure><\/div>","protected":false},"excerpt":{"rendered":"<p>Madrid, 19 de agosto de 2025.- La Asociaci\u00f3n Nacional del Taxi (ANTAXI) celebra la publicaci\u00f3n del IX Convenio colectivo nacional para el sector Auto-Taxis por parte de la Direcci\u00f3n General de Trabajo, un nuevo texto desarrollado para proteger a los empresarios del sector (peque\u00f1os aut\u00f3nomos) mejorando las condiciones de los trabajadores del taxi. Este convenio&hellip;&nbsp;<a href=\"https:\/\/antaxi.es\/?p=983\" class=\"\" rel=\"bookmark\">Leer m\u00e1s &raquo;<span class=\"screen-reader-text\">ANTAXI celebra la publicaci\u00f3n del IX Convenio Colectivo del Taxi<\/span><\/a><\/p>\n","protected":false},"author":4,"featured_media":984,"comment_status":"open","ping_status":"open","sticky":false,"template":"","format":"standard","meta":{"neve_meta_sidebar":"","neve_meta_container":"","neve_meta_enable_content_width":"","neve_meta_content_width":0,"neve_meta_title_alignment":"","neve_meta_author_avatar":"","neve_post_elements_order":"","neve_meta_disable_header":"","neve_meta_disable_footer":"","neve_meta_disable_title":"","_ti_tpc_template_sync":false,"_ti_tpc_template_id":"","footnotes":""},"categories":[18,20],"tags":[],"_links":{"self":[{"href":"https:\/\/antaxi.es\/index.php?rest_route=\/wp\/v2\/posts\/983"}],"collection":[{"href":"https:\/\/antaxi.es\/index.php?rest_route=\/wp\/v2\/posts"}],"about":[{"href":"https:\/\/antaxi.es\/index.php?rest_route=\/wp\/v2\/types\/post"}],"author":[{"embeddable":true,"href":"https:\/\/antaxi.es\/index.php?rest_route=\/wp\/v2\/users\/4"}],"replies":[{"embeddable":true,"href":"https:\/\/antaxi.es\/index.php?rest_route=%2Fwp%2Fv2%2Fcomments&post=983"}],"version-history":[{"count":1,"href":"https:\/\/antaxi.es\/index.php?rest_route=\/wp\/v2\/posts\/983\/revisions"}],"predecessor-version":[{"id":985,"href":"https:\/\/antaxi.es\/index.php?rest_route=\/wp\/v2\/posts\/983\/revisions\/985"}],"wp:featuredmedia":[{"embeddable":true,"href":"https:\/\/antaxi.es\/index.php?rest_route=\/wp\/v2\/media\/984"}],"wp:attachment":[{"href":"https:\/\/antaxi.es\/index.php?rest_route=%2Fwp%2Fv2%2Fmedia&parent=983"}],"wp:term":[{"taxonomy":"category","embeddable":true,"href":"https:\/\/antaxi.es\/index.php?rest_route=%2Fwp%2Fv2%2Fcategories&post=983"},{"taxonomy":"post_tag","embeddable":true,"href":"https:\/\/antaxi.es\/index.php?rest_route=%2Fwp%2Fv2%2Ftags&post=983"}],"curies":[{"name":"wp","href":"https:\/\/api.w.org\/{rel}","templated":true}]}}