{"id":954,"date":"2025-06-26T09:16:00","date_gmt":"2025-06-26T07:16:00","guid":{"rendered":"https:\/\/antaxi.es\/?p=954"},"modified":"2025-06-26T09:16:01","modified_gmt":"2025-06-26T07:16:01","slug":"el-sector-del-taxi-muestra-su-satisfaccion-ante-los-avances-en-el-congreso-para-garantizar-la-transparencia-en-el-calculo-de-las-primas-de-los-seguros","status":"publish","type":"post","link":"https:\/\/antaxi.es\/?p=954","title":{"rendered":"El sector del taxi muestra su satisfacci\u00f3n ante los avances en el Congreso para garantizar la transparencia en el c\u00e1lculo de las primas de los seguros"},"content":{"rendered":"\n<ul>\n<li><a><strong>La iniciativa de la Asociaci\u00f3n Nacional del Taxi (ANTAXI) para articular medidas que eviten sobrecostes injustificados en las primas de los seguros fue aprobada en la Comisi\u00f3n de Econom\u00eda, Comercio y Transformaci\u00f3n Digital del Congreso este martes<\/strong><\/a><\/li>\n<\/ul>\n\n\n\n<ul>\n<li><strong>Es la primera vez que la Ley de seguros de veh\u00edculos a motor hace referencia al sector del taxi como actividad de inter\u00e9s general<\/strong><\/li>\n<\/ul>\n\n\n\n<ul>\n<li><strong>ANTAXI seguir\u00e1 manteniendo conversaciones con todos los partidos pol\u00edticos para mejorar a\u00fan m\u00e1s esta iniciativa en el Senado<\/strong><\/li>\n<\/ul>\n\n\n\n<p><strong>Madrid, 11 de junio de 2025.-<\/strong><a> <\/a>La Asociaci\u00f3n Nacional del Taxi (ANTAXI) ha mostrado su satisfacci\u00f3n ante la aprobaci\u00f3n, este martes, por parte de la <a>Comisi\u00f3n de Econom\u00eda, Comercio y Transformaci\u00f3n Digital del Congreso<\/a> de una <strong>enmienda para garantizar la transparencia en el c\u00e1lculo de las primas de los seguros<\/strong> para veh\u00edculos destinados a la prestaci\u00f3n del servicio de inter\u00e9s p\u00fablico de transporte de viajeros en taxi.<\/p>\n\n\n\n<p>Se trata de una <strong>modificaci\u00f3n legislativa solicitada por la patronal del taxi ante el abuso de las aseguradoras<\/strong>, con subidas de precios desproporcionadas e injustificadas. Gracias a esta medida aprobada, el taxi est\u00e1 protegido ante las pr\u00e1cticas abusivas de las aseguradoras que ponen en riesgo la continuidad del sector.<\/p>\n\n\n\n<p>En los \u00faltimos meses, el colectivo del taxi ha visto amenazado el futuro de su actividad por el crecimiento exponencial en los precios de sus p\u00f3lizas de seguro, que, en algunos casos, incluso <strong>han llevado a profesionales del sector a abandonar la actividad por la imposibilidad de contratar un seguro<\/strong>. Ante este escenario, <strong>ANTAXI organiz\u00f3 movilizaciones por todo el pa\u00eds a principios de a\u00f1o<\/strong>, con el objetivo de solicitar a las Administraciones medidas que garanticen un control de precios acorde al valor del producto asegurado.<\/p>\n\n\n\n<p>Ahora, con esta enmienda aprobada en el Congreso, las aseguradoras est\u00e1n obligadas a justificar la subida que apliquen en las primas. De esta forma, se pone fin a la falta de transparencia que aprovechaban las empresas comercializadoras de seguros para incrementar los precios, alegando causas injustificadas e inciertas como el incremento de la siniestralidad en el colectivo.<\/p>\n\n\n\n<p>Como ha podido acreditar ANTAXI, <strong>el aumento de la siniestralidad no corresponde al sector del taxi<\/strong>, sino a los veh\u00edculos de empresas de VTC, que, con pr\u00e1cticas como la sobreexplotaci\u00f3n de sus conductores, han provocado un aumento de siniestralidad en las ciudades y el consecuente incremento de los precios.<\/p>\n\n\n\n<p><strong>Julio Sanz, presidente de ANTAXI,<\/strong> asegura que \u201cla siniestralidad del colectivo del taxi es muy inferior a otros actores como las VTC\u201d, adem\u00e1s, asegura que el taxi ha estado \u201cpagando los platos rotos de la incompetencia de estas empresas\u201d. A su vez, Sanz agradece al Gobierno las medidas aprobadas para garantizar transparencia en la fijaci\u00f3n de precios por parte de las aseguradoras: \u201c<strong>Desde ANTAXI queremos agradecer el apoyo transversal a esta iniciativa<\/strong>, que ofrecer\u00e1 transparencia a los titulares de licencia de taxi y proteger\u00e1 al sector de posibles pr\u00e1cticas abusivas por parte de las aseguradoras\u201d.<\/p>\n\n\n\n<p>Se trata de la primera vez que se menciona al taxi en la Ley de seguros de veh\u00edculos a motor, poniendo en valor al sector como un servicio p\u00fablico y haciendo referencia al inter\u00e9s general de la actividad como actor imprescindible para garantizar la movilidad urbana. Desde ANTAXI, esta medida se considera \u201cel principio del fin de la incertidumbre a la que se enfrentan miles de compa\u00f1eros a la hora de acceder a la profesi\u00f3n o renovar los veh\u00edculos\u201d, explica Sanz.<\/p>\n\n\n\n<p>A la espera de que esta propuesta se ratifique en el Senado, <strong>ANTAXI seguir\u00e1 manteniendo conversaciones con todos los partidos pol\u00edticos <\/strong>con el fin de mejorar todav\u00eda m\u00e1s la situaci\u00f3n del sector respecto a la contrataci\u00f3n de seguros, con medidas que garanticen a los profesionales del taxi el acceso a p\u00f3lizas justas y asequibles.<\/p>\n\n\n\n<figure class=\"wp-block-gallery has-nested-images columns-default is-cropped wp-block-gallery-1 is-layout-flex wp-block-gallery-is-layout-flex\">\n<figure class=\"wp-block-image size-large\"><img loading=\"lazy\" decoding=\"async\" width=\"419\" height=\"1024\" data-id=\"956\" src=\"https:\/\/antaxi.es\/wp-content\/uploads\/2025\/06\/CAP-2-Seg-1-419x1024.png\" alt=\"\" class=\"wp-image-956\" srcset=\"https:\/\/antaxi.es\/wp-content\/uploads\/2025\/06\/CAP-2-Seg-1-419x1024.png 419w, https:\/\/antaxi.es\/wp-content\/uploads\/2025\/06\/CAP-2-Seg-1-123x300.png 123w, https:\/\/antaxi.es\/wp-content\/uploads\/2025\/06\/CAP-2-Seg-1.png 520w\" sizes=\"(max-width: 419px) 100vw, 419px\" \/><\/figure>\n<\/figure>\n","protected":false},"excerpt":{"rendered":"<p>Madrid, 11 de junio de 2025.- La Asociaci\u00f3n Nacional del Taxi (ANTAXI) ha mostrado su satisfacci\u00f3n ante la aprobaci\u00f3n, este martes, por parte de la Comisi\u00f3n de Econom\u00eda, Comercio y Transformaci\u00f3n Digital del Congreso de una enmienda para garantizar la transparencia en el c\u00e1lculo de las primas de los seguros para veh\u00edculos destinados a la&hellip;&nbsp;<a href=\"https:\/\/antaxi.es\/?p=954\" class=\"\" rel=\"bookmark\">Leer m\u00e1s &raquo;<span class=\"screen-reader-text\">El sector del taxi muestra su satisfacci\u00f3n ante los avances en el Congreso para garantizar la transparencia en el c\u00e1lculo de las primas de los seguros<\/span><\/a><\/p>\n","protected":false},"author":4,"featured_media":955,"comment_status":"closed","ping_status":"closed","sticky":false,"template":"","format":"standard","meta":{"neve_meta_sidebar":"","neve_meta_container":"","neve_meta_enable_content_width":"","neve_meta_content_width":0,"neve_meta_title_alignment":"","neve_meta_author_avatar":"","neve_post_elements_order":"","neve_meta_disable_header":"","neve_meta_disable_footer":"","neve_meta_disable_title":"","_ti_tpc_template_sync":false,"_ti_tpc_template_id":"","footnotes":""},"categories":[18,20],"tags":[],"_links":{"self":[{"href":"https:\/\/antaxi.es\/index.php?rest_route=\/wp\/v2\/posts\/954"}],"collection":[{"href":"https:\/\/antaxi.es\/index.php?rest_route=\/wp\/v2\/posts"}],"about":[{"href":"https:\/\/antaxi.es\/index.php?rest_route=\/wp\/v2\/types\/post"}],"author":[{"embeddable":true,"href":"https:\/\/antaxi.es\/index.php?rest_route=\/wp\/v2\/users\/4"}],"replies":[{"embeddable":true,"href":"https:\/\/antaxi.es\/index.php?rest_route=%2Fwp%2Fv2%2Fcomments&post=954"}],"version-history":[{"count":1,"href":"https:\/\/antaxi.es\/index.php?rest_route=\/wp\/v2\/posts\/954\/revisions"}],"predecessor-version":[{"id":957,"href":"https:\/\/antaxi.es\/index.php?rest_route=\/wp\/v2\/posts\/954\/revisions\/957"}],"wp:featuredmedia":[{"embeddable":true,"href":"https:\/\/antaxi.es\/index.php?rest_route=\/wp\/v2\/media\/955"}],"wp:attachment":[{"href":"https:\/\/antaxi.es\/index.php?rest_route=%2Fwp%2Fv2%2Fmedia&parent=954"}],"wp:term":[{"taxonomy":"category","embeddable":true,"href":"https:\/\/antaxi.es\/index.php?rest_route=%2Fwp%2Fv2%2Fcategories&post=954"},{"taxonomy":"post_tag","embeddable":true,"href":"https:\/\/antaxi.es\/index.php?rest_route=%2Fwp%2Fv2%2Ftags&post=954"}],"curies":[{"name":"wp","href":"https:\/\/api.w.org\/{rel}","templated":true}]}}