{"id":951,"date":"2025-06-26T09:10:34","date_gmt":"2025-06-26T07:10:34","guid":{"rendered":"https:\/\/antaxi.es\/?p=951"},"modified":"2025-06-26T09:10:35","modified_gmt":"2025-06-26T07:10:35","slug":"antaxi-respalda-la-manifestacion-del-28-de-mayo-en-madrid-y-prepara-nuevas-movilizaciones-del-taxi-por-todo-el-pais","status":"publish","type":"post","link":"https:\/\/antaxi.es\/?p=951","title":{"rendered":"ANTAXI respalda la manifestaci\u00f3n del 28 de mayo en Madrid y prepara nuevas movilizaciones del taxi por todo el pa\u00eds"},"content":{"rendered":"\n<ul>\n<li><a><strong>La Asociaci\u00f3n Nacional del Taxi apoya la marcha convocada por la Federaci\u00f3n Profesional del Taxi de Madrid contra las irregularidades en los procedimientos de solicitud de autorizaciones de VTC<\/strong><\/a><\/li>\n<\/ul>\n\n\n\n<ul>\n<li><strong>El sector del taxi anuncia una serie de movilizaciones a nivel nacional con el fin de frenar la proliferaci\u00f3n de autorizaciones solicitadas de manera fraudulenta por una conocida empresa de VTC<\/strong><\/li>\n<\/ul>\n\n\n\n<ul>\n<li><strong>Las movilizaciones comenzar\u00e1n en junio y se llevar\u00e1n a cabo en todas las comunidades aut\u00f3nomas espa\u00f1olas<\/strong>.<\/li>\n<\/ul>\n\n\n\n<p><strong>Madrid, 22 de mayo de 2025.-<\/strong><a> <\/a>La Asociaci\u00f3n Nacional del Taxi ha mostrado su apoyo a la marcha convocada por la Federaci\u00f3n Profesional del Taxi de Madrid para el pr\u00f3ximo 28 de mayo en la capital. ANTAXI se suma as\u00ed a las reclamaciones del taxi de Madrid, que exige <strong>una respuesta de las Administraciones ante las irregularidades detectadas en los procedimientos de solicitud de 8.500 autorizaciones de VTC <\/strong>en la Comunidad de Madrid.<\/p>\n\n\n\n<p>La proliferaci\u00f3n descontrolada de autorizaciones de VTC en todo el pa\u00eds obliga al sector del taxi a plantarse y actuar de forma inmediata para frenar una <strong>situaci\u00f3n que amenaza el futuro del colectivo<\/strong>. Por ello, ANTAXI ha anunciado la convocatoria de una serie de <strong>movilizaciones a nivel nacional a partir de junio<\/strong>. Se prev\u00e9n concentraciones en estaciones de tren, puertos y aeropuertos, adem\u00e1s de marchas en las principales v\u00edas de las ciudades espa\u00f1olas.<\/p>\n\n\n\n<p>Estas movilizaciones pretenden simular el colapso que sufrir\u00e1n los puntos clave para la movilidad de las ciudades si se conceden <strong>las m\u00e1s de 35.000 autorizaciones de VTC que est\u00e1n pendientes de concesi\u00f3n para una sola plataforma<\/strong>. Al margen de las irregularidades cometidas por ciertas empresas de VTC en los procedimientos de solicitud de autorizaciones, las reclamaciones de ANTAXI se dirigen a las Administraciones, que miran para otro lado ante el inminente colapso de las ciudades y no plantean alternativas a la concesi\u00f3n masiva de VTC por todo el pa\u00eds.<\/p>\n\n\n\n<p>Actualmente, en Espa\u00f1a hay 20.950 licencias de taxi. Ante este escenario, si se concedieran todas las autorizaciones pendientes de resoluci\u00f3n judicial, <strong>el n\u00famero de VTC superar\u00eda ampliamente al de taxis<\/strong>. De hecho, esta situaci\u00f3n ya es una realidad en varias ciudades espa\u00f1olas, como M\u00e1laga o Guadalajara, mientras que est\u00e1 cerca de materializarse en otras como Madrid o Toledo.<\/p>\n\n\n\n<p><strong>Julio Sanz, presidente de ANTAXI,<\/strong> ha explicado la gravedad que supone la concesi\u00f3n descontrolada de autorizaciones: \u201cLas plataformas de VTC aprovechan la escasa fiscalizaci\u00f3n de los procedimientos de concesi\u00f3n para obtener miles de autorizaciones de manera fraudulenta, comercializarlas y obtener beneficios escandalosos\u201d. De esta forma, Sanz ha querido hacer un llamamiento a los <strong>\u201cincautos\u201d que invierten en VTC sin tener ninguna garant\u00eda<\/strong>.<\/p>\n\n\n\n<p>Con las movilizaciones previstas a partir de junio en todas las comunidades aut\u00f3nomas espa\u00f1olas, <strong>el sector del taxi busca mostrar su hartazgo ante el incumplimiento sistem\u00e1tico de la normativa por parte de las empresas de VTC<\/strong>, as\u00ed como obtener una respuesta inmediata y justa por parte de las Administraciones, capaz de evitar el colapso de las ciudades y acabar con la incertidumbre en el colectivo del taxi.<\/p>\n\n\n<div class=\"wp-block-image\">\n<figure class=\"aligncenter size-full\"><img loading=\"lazy\" decoding=\"async\" width=\"592\" height=\"798\" src=\"https:\/\/antaxi.es\/wp-content\/uploads\/2025\/06\/Captura-1.png\" alt=\"\" class=\"wp-image-952\" srcset=\"https:\/\/antaxi.es\/wp-content\/uploads\/2025\/06\/Captura-1.png 592w, https:\/\/antaxi.es\/wp-content\/uploads\/2025\/06\/Captura-1-223x300.png 223w\" sizes=\"(max-width: 592px) 100vw, 592px\" \/><\/figure><\/div>","protected":false},"excerpt":{"rendered":"<p>Madrid, 22 de mayo de 2025.- La Asociaci\u00f3n Nacional del Taxi ha mostrado su apoyo a la marcha convocada por la Federaci\u00f3n Profesional del Taxi de Madrid para el pr\u00f3ximo 28 de mayo en la capital. ANTAXI se suma as\u00ed a las reclamaciones del taxi de Madrid, que exige una respuesta de las Administraciones ante&hellip;&nbsp;<a href=\"https:\/\/antaxi.es\/?p=951\" class=\"\" rel=\"bookmark\">Leer m\u00e1s &raquo;<span class=\"screen-reader-text\">ANTAXI respalda la manifestaci\u00f3n del 28 de mayo en Madrid y prepara nuevas movilizaciones del taxi por todo el pa\u00eds<\/span><\/a><\/p>\n","protected":false},"author":4,"featured_media":952,"comment_status":"closed","ping_status":"open","sticky":false,"template":"","format":"standard","meta":{"neve_meta_sidebar":"","neve_meta_container":"","neve_meta_enable_content_width":"","neve_meta_content_width":0,"neve_meta_title_alignment":"","neve_meta_author_avatar":"","neve_post_elements_order":"","neve_meta_disable_header":"","neve_meta_disable_footer":"","neve_meta_disable_title":"","_ti_tpc_template_sync":false,"_ti_tpc_template_id":"","footnotes":""},"categories":[18,20],"tags":[],"_links":{"self":[{"href":"https:\/\/antaxi.es\/index.php?rest_route=\/wp\/v2\/posts\/951"}],"collection":[{"href":"https:\/\/antaxi.es\/index.php?rest_route=\/wp\/v2\/posts"}],"about":[{"href":"https:\/\/antaxi.es\/index.php?rest_route=\/wp\/v2\/types\/post"}],"author":[{"embeddable":true,"href":"https:\/\/antaxi.es\/index.php?rest_route=\/wp\/v2\/users\/4"}],"replies":[{"embeddable":true,"href":"https:\/\/antaxi.es\/index.php?rest_route=%2Fwp%2Fv2%2Fcomments&post=951"}],"version-history":[{"count":1,"href":"https:\/\/antaxi.es\/index.php?rest_route=\/wp\/v2\/posts\/951\/revisions"}],"predecessor-version":[{"id":953,"href":"https:\/\/antaxi.es\/index.php?rest_route=\/wp\/v2\/posts\/951\/revisions\/953"}],"wp:featuredmedia":[{"embeddable":true,"href":"https:\/\/antaxi.es\/index.php?rest_route=\/wp\/v2\/media\/952"}],"wp:attachment":[{"href":"https:\/\/antaxi.es\/index.php?rest_route=%2Fwp%2Fv2%2Fmedia&parent=951"}],"wp:term":[{"taxonomy":"category","embeddable":true,"href":"https:\/\/antaxi.es\/index.php?rest_route=%2Fwp%2Fv2%2Fcategories&post=951"},{"taxonomy":"post_tag","embeddable":true,"href":"https:\/\/antaxi.es\/index.php?rest_route=%2Fwp%2Fv2%2Ftags&post=951"}],"curies":[{"name":"wp","href":"https:\/\/api.w.org\/{rel}","templated":true}]}}