{"id":899,"date":"2024-11-04T13:11:59","date_gmt":"2024-11-04T11:11:59","guid":{"rendered":"https:\/\/antaxi.es\/?p=899"},"modified":"2024-11-04T13:12:06","modified_gmt":"2024-11-04T11:12:06","slug":"el-taxi-aplaza-la-movilizacion-nacional-del-13-de-noviembre-en-rechazo-a-las-practicas-abusivas-de-las-aseguradoras","status":"publish","type":"post","link":"https:\/\/antaxi.es\/?p=899","title":{"rendered":"El Taxi aplaza la movilizaci\u00f3n nacional del 13 de noviembre en rechazo a las pr\u00e1cticas abusivas de las aseguradoras"},"content":{"rendered":"\n<ul>\n<li><strong>ANTAXI ha decidido posponer la manifestaci\u00f3n en Madrid hasta nueva fecha ante los graves acontecimientos producidos por la DANA en Valencia y Castilla-La Mancha<\/strong><\/li>\n\n\n\n<li><strong>De este modo, ANTAXI traslada su apoyo y solidaridad a la Comunidad Valenciana y se pone a disposici\u00f3n de la sociedad civil, instituciones y el pueblo valenciano, incluidos los cientos de compa\u00f1eros del sector<\/strong><\/li>\n\n\n\n<li><strong>El Taxi definir\u00e1 una nueva fecha para manifestarse y reclamar soluciones ante el incremento de los precios de las p\u00f3lizas de seguros, que llegan a alcanzar los 7.000 euros al a\u00f1o<\/strong><\/li>\n<\/ul>\n\n\n\n<p><strong>Madrid, 4 de noviembre de 2024.-<\/strong><a> El <strong>incremento de los precios de las p\u00f3lizas de los seguros<\/strong> contin\u00faa <strong>agrav\u00e1ndose<\/strong> para el sector del <strong>Taxi<\/strong>. Las <strong>pr\u00e1cticas abusivas<\/strong> de las aseguradoras, con <strong>p\u00f3lizas que llegan a alcanzar los 7.000 euros al a\u00f1o<\/strong>, ponen en peligro este servicio de inter\u00e9s p\u00fablico en el que muchos profesionales se ven incapaces de hacer frente a este elevado coste.<\/a><\/p>\n\n\n\n<p>Ante esta situaci\u00f3n insostenible, ANTAXI convoc\u00f3 una movilizaci\u00f3n nacional fijada para el pr\u00f3ximo mi\u00e9rcoles 13 de noviembre en Madrid con el fin de <strong>reclamar a aseguradoras y administraciones una soluci\u00f3n<\/strong> que permita a los profesionales del <strong>Taxi acceder a p\u00f3lizas asequibles y justas<\/strong> para continuar prestando un servicio p\u00fablico de calidad y seguro para los ciudadanos.<\/p>\n\n\n\n<p>Sin embargo, <strong>ANTAXI ha decidido aplazar esta convocatoria<\/strong> hasta nueva fecha en se\u00f1al de respeto ante la tragedia ocasionada por la <strong>DANA<\/strong> en Valencia y Castilla-La Mancha, evitando as\u00ed interferir en las ayudas a todos los afectados.<\/p>\n\n\n\n<p>El <strong>sector del Taxi<\/strong> muestra su solidaridad y compromiso y se pone de este modo <strong>a disposici\u00f3n de la sociedad civil, instituciones y el pueblo valenciano<\/strong>, incluidos los cientos de <strong>compa\u00f1eros del sector<\/strong> que lo han perdido todo.<\/p>\n\n\n\n<p><\/p>\n\n\n<div class=\"wp-block-image\">\n<figure class=\"aligncenter size-full\"><img loading=\"lazy\" decoding=\"async\" width=\"598\" height=\"804\" src=\"https:\/\/antaxi.es\/wp-content\/uploads\/2024\/11\/Aplaza-Manifa-13N.png\" alt=\"\" class=\"wp-image-900\" srcset=\"https:\/\/antaxi.es\/wp-content\/uploads\/2024\/11\/Aplaza-Manifa-13N.png 598w, https:\/\/antaxi.es\/wp-content\/uploads\/2024\/11\/Aplaza-Manifa-13N-223x300.png 223w\" sizes=\"(max-width: 598px) 100vw, 598px\" \/><\/figure><\/div>","protected":false},"excerpt":{"rendered":"<p>Madrid, 4 de noviembre de 2024.- El incremento de los precios de las p\u00f3lizas de los seguros contin\u00faa agrav\u00e1ndose para el sector del Taxi. Las pr\u00e1cticas abusivas de las aseguradoras, con p\u00f3lizas que llegan a alcanzar los 7.000 euros al a\u00f1o, ponen en peligro este servicio de inter\u00e9s p\u00fablico en el que muchos profesionales se&hellip;&nbsp;<a href=\"https:\/\/antaxi.es\/?p=899\" class=\"\" rel=\"bookmark\">Leer m\u00e1s &raquo;<span class=\"screen-reader-text\">El Taxi aplaza la movilizaci\u00f3n nacional del 13 de noviembre en rechazo a las pr\u00e1cticas abusivas de las aseguradoras<\/span><\/a><\/p>\n","protected":false},"author":4,"featured_media":900,"comment_status":"open","ping_status":"open","sticky":false,"template":"","format":"standard","meta":{"neve_meta_sidebar":"","neve_meta_container":"","neve_meta_enable_content_width":"","neve_meta_content_width":0,"neve_meta_title_alignment":"","neve_meta_author_avatar":"","neve_post_elements_order":"","neve_meta_disable_header":"","neve_meta_disable_footer":"","neve_meta_disable_title":"","_ti_tpc_template_sync":false,"_ti_tpc_template_id":"","footnotes":""},"categories":[18,20],"tags":[],"_links":{"self":[{"href":"https:\/\/antaxi.es\/index.php?rest_route=\/wp\/v2\/posts\/899"}],"collection":[{"href":"https:\/\/antaxi.es\/index.php?rest_route=\/wp\/v2\/posts"}],"about":[{"href":"https:\/\/antaxi.es\/index.php?rest_route=\/wp\/v2\/types\/post"}],"author":[{"embeddable":true,"href":"https:\/\/antaxi.es\/index.php?rest_route=\/wp\/v2\/users\/4"}],"replies":[{"embeddable":true,"href":"https:\/\/antaxi.es\/index.php?rest_route=%2Fwp%2Fv2%2Fcomments&post=899"}],"version-history":[{"count":1,"href":"https:\/\/antaxi.es\/index.php?rest_route=\/wp\/v2\/posts\/899\/revisions"}],"predecessor-version":[{"id":901,"href":"https:\/\/antaxi.es\/index.php?rest_route=\/wp\/v2\/posts\/899\/revisions\/901"}],"wp:featuredmedia":[{"embeddable":true,"href":"https:\/\/antaxi.es\/index.php?rest_route=\/wp\/v2\/media\/900"}],"wp:attachment":[{"href":"https:\/\/antaxi.es\/index.php?rest_route=%2Fwp%2Fv2%2Fmedia&parent=899"}],"wp:term":[{"taxonomy":"category","embeddable":true,"href":"https:\/\/antaxi.es\/index.php?rest_route=%2Fwp%2Fv2%2Fcategories&post=899"},{"taxonomy":"post_tag","embeddable":true,"href":"https:\/\/antaxi.es\/index.php?rest_route=%2Fwp%2Fv2%2Ftags&post=899"}],"curies":[{"name":"wp","href":"https:\/\/api.w.org\/{rel}","templated":true}]}}