{"id":891,"date":"2024-10-21T14:11:00","date_gmt":"2024-10-21T12:11:00","guid":{"rendered":"https:\/\/antaxi.es\/?p=891"},"modified":"2024-10-21T14:11:02","modified_gmt":"2024-10-21T12:11:02","slug":"la-presidenta-de-la-femp-se-interesa-por-los-problemas-del-sector-del-taxi-con-antaxi","status":"publish","type":"post","link":"https:\/\/antaxi.es\/?p=891","title":{"rendered":"La presidenta de la FEMP se interesa por los problemas del sector del taxi con ANTAXI."},"content":{"rendered":"\n<p class=\"has-text-align-center\">Garc\u00eda-Pelayo se hace eco de su protesta en relaci\u00f3n con el precio de los seguros de autom\u00f3vil, dado que cualquier problema puede repercutir en la prestaci\u00f3n de un servicio p\u00fablico esencial<\/p>\n\n\n<div class=\"wp-block-image\">\n<figure class=\"aligncenter size-large is-resized\"><img loading=\"lazy\" decoding=\"async\" width=\"1024\" height=\"576\" src=\"https:\/\/antaxi.es\/wp-content\/uploads\/2024\/10\/FEMP-1-1024x576.jpg\" alt=\"\" class=\"wp-image-892\" style=\"width:718px;height:auto\" srcset=\"https:\/\/antaxi.es\/wp-content\/uploads\/2024\/10\/FEMP-1-1024x576.jpg 1024w, https:\/\/antaxi.es\/wp-content\/uploads\/2024\/10\/FEMP-1-300x169.jpg 300w, https:\/\/antaxi.es\/wp-content\/uploads\/2024\/10\/FEMP-1-768x432.jpg 768w, https:\/\/antaxi.es\/wp-content\/uploads\/2024\/10\/FEMP-1.jpg 1090w\" sizes=\"(max-width: 1024px) 100vw, 1024px\" \/><\/figure><\/div>\n\n\n<p>18 de octubre de 2024.-<\/p>\n\n\n\n<p> La presidenta de la Federaci\u00f3n Espa\u00f1ola de Municipios y Provincias y alcaldesa de Jerez de la Frontera, Mar\u00eda Jos\u00e9 Garc\u00eda-Pelayo, ha mantenido una reuni\u00f3n con representantes de la Asociaci\u00f3n Nacional del Taxi (Antaxi), encabezados por su presidente, Julio Sanz, en la que los titulares de este servicio de transporte han expuesto los principales motivos para convocar una movilizaci\u00f3n nacional en el mes de noviembre, reclamando soluciones ante el incremento de los precios de las p\u00f3lizas de seguros.<\/p>\n\n\n\n<p><br>Seg\u00fan los responsables de la asociaci\u00f3n, estas subidas est\u00e1n llegando hasta los 7.000 euros al a\u00f1o, cifra que en algunos casos supera la de las letras que pagan por la adquisici\u00f3n de nuevos veh\u00edculos. En este sentido, Garc\u00eda-Pelayo ha asumido que esta situaci\u00f3n supone un verdadero problema para las entidades locales, quienes tienen competencias de regulaci\u00f3n de este servicio p\u00fablico y conf\u00eda en una resoluci\u00f3n con los responsables de las agencias de seguros y los ministerios de Econom\u00eda y Transportes.<\/p>\n\n\n\n<p><br>En este sentido, la presidenta de la FEMP se ha comprometido a ponerse en contacto con la<br>Direcci\u00f3n General de Seguros y Fondos de Pensiones, alertando de estos costes tan elevados, entendiendo que es el Gobierno quien podr\u00eda tener capacidad de introducir alguna enmienda en los Presupuestos Generales del Estado en relaci\u00f3n con las cantidades que sean precisas.<\/p>\n\n\n\n<p><br>Asimismo, Garc\u00eda-Pelayo se ha hecho eco no solo de lo que puede suponer este problema en las grandes ciudades, sino tambi\u00e9n en los taxis rurales y los adaptados a las personas con movilidad reducida, que est\u00e1n en verdadero riesgo por el incremento de los precios de las p\u00f3lizas de seguros. Otro tanto sucede con las modalidades que ofrece el Consorcio de Compensaci\u00f3n de Seguros en relaci\u00f3n con el servicio del taxi que, seg\u00fan los profesionales, deber\u00edan abrirse a algunas m\u00e1s, puesto que en la actualidad solo se garantizan los da\u00f1os a terceros.<\/p>\n\n\n<div class=\"wp-block-image\">\n<figure class=\"aligncenter size-full\"><img loading=\"lazy\" decoding=\"async\" width=\"616\" height=\"796\" src=\"https:\/\/antaxi.es\/wp-content\/uploads\/2024\/10\/FEMP-Nota.png\" alt=\"\" class=\"wp-image-893\" srcset=\"https:\/\/antaxi.es\/wp-content\/uploads\/2024\/10\/FEMP-Nota.png 616w, https:\/\/antaxi.es\/wp-content\/uploads\/2024\/10\/FEMP-Nota-232x300.png 232w\" sizes=\"(max-width: 616px) 100vw, 616px\" \/><\/figure><\/div>","protected":false},"excerpt":{"rendered":"<p>Garc\u00eda-Pelayo se hace eco de su protesta en relaci\u00f3n con el precio de los seguros de autom\u00f3vil, dado que cualquier problema puede repercutir en la prestaci\u00f3n de un servicio p\u00fablico esencial 18 de octubre de 2024.- La presidenta de la Federaci\u00f3n Espa\u00f1ola de Municipios y Provincias y alcaldesa de Jerez de la Frontera, Mar\u00eda Jos\u00e9&hellip;&nbsp;<a href=\"https:\/\/antaxi.es\/?p=891\" class=\"\" rel=\"bookmark\">Leer m\u00e1s &raquo;<span class=\"screen-reader-text\">La presidenta de la FEMP se interesa por los problemas del sector del taxi con ANTAXI.<\/span><\/a><\/p>\n","protected":false},"author":4,"featured_media":893,"comment_status":"open","ping_status":"open","sticky":false,"template":"","format":"standard","meta":{"neve_meta_sidebar":"","neve_meta_container":"","neve_meta_enable_content_width":"","neve_meta_content_width":0,"neve_meta_title_alignment":"","neve_meta_author_avatar":"","neve_post_elements_order":"","neve_meta_disable_header":"","neve_meta_disable_footer":"","neve_meta_disable_title":"","_ti_tpc_template_sync":false,"_ti_tpc_template_id":"","footnotes":""},"categories":[18,20],"tags":[],"_links":{"self":[{"href":"https:\/\/antaxi.es\/index.php?rest_route=\/wp\/v2\/posts\/891"}],"collection":[{"href":"https:\/\/antaxi.es\/index.php?rest_route=\/wp\/v2\/posts"}],"about":[{"href":"https:\/\/antaxi.es\/index.php?rest_route=\/wp\/v2\/types\/post"}],"author":[{"embeddable":true,"href":"https:\/\/antaxi.es\/index.php?rest_route=\/wp\/v2\/users\/4"}],"replies":[{"embeddable":true,"href":"https:\/\/antaxi.es\/index.php?rest_route=%2Fwp%2Fv2%2Fcomments&post=891"}],"version-history":[{"count":1,"href":"https:\/\/antaxi.es\/index.php?rest_route=\/wp\/v2\/posts\/891\/revisions"}],"predecessor-version":[{"id":894,"href":"https:\/\/antaxi.es\/index.php?rest_route=\/wp\/v2\/posts\/891\/revisions\/894"}],"wp:featuredmedia":[{"embeddable":true,"href":"https:\/\/antaxi.es\/index.php?rest_route=\/wp\/v2\/media\/893"}],"wp:attachment":[{"href":"https:\/\/antaxi.es\/index.php?rest_route=%2Fwp%2Fv2%2Fmedia&parent=891"}],"wp:term":[{"taxonomy":"category","embeddable":true,"href":"https:\/\/antaxi.es\/index.php?rest_route=%2Fwp%2Fv2%2Fcategories&post=891"},{"taxonomy":"post_tag","embeddable":true,"href":"https:\/\/antaxi.es\/index.php?rest_route=%2Fwp%2Fv2%2Ftags&post=891"}],"curies":[{"name":"wp","href":"https:\/\/api.w.org\/{rel}","templated":true}]}}