{"id":788,"date":"2023-06-22T09:58:08","date_gmt":"2023-06-22T07:58:08","guid":{"rendered":"https:\/\/antaxi.es\/?p=788"},"modified":"2023-06-22T09:58:11","modified_gmt":"2023-06-22T07:58:11","slug":"el-sector-del-taxi-y-transportes-continuan-manteniendo-reuniones-sin-solucion-definitiva-por-el-momento","status":"publish","type":"post","link":"https:\/\/antaxi.es\/?p=788","title":{"rendered":"El sector del Taxi y Transportes contin\u00faan manteniendo reuniones, sin soluci\u00f3n definitiva por el momento."},"content":{"rendered":"\n<ul><li><strong>Como gesto de buena voluntad, la Asociaci\u00f3n Nacional del Taxi (ANTAXI) pospone la manifestaci\u00f3n prevista para este jueves, 22 de junio<\/strong><\/li><\/ul>\n\n\n\n<ul><li><strong>Desde la asociaci\u00f3n pretenden corresponder a la \u201cactitud constructiva\u201d del Gobierno, pero reafirman su expectativa en conseguir una norma que garantice la supervivencia del sector<\/strong><\/li><\/ul>\n\n\n\n<p><strong>Madrid, 22 de junio de 2023.-<\/strong>La <strong>Asociaci\u00f3n Nacional del Taxi (ANTAXI) <\/strong>agradece la reuni\u00f3n mantenida en la tarde del martes, 21 de junio en el Ministerio de Transportes.<\/p>\n\n\n\n<p>Durante dicha reuni\u00f3n, ANTAXI present\u00f3 diversa informaci\u00f3n relacionada con la situaci\u00f3n actual de las autorizaciones de transporte urbano y advertido de las inquietudes que para el sector comporta la situaci\u00f3n actual. Y es que, la incertidumbre derivada de las posibles interpretaciones de la sentencia del TJUE, pueden agravar la situaci\u00f3n a la que viene siendo sometida el sector, as\u00ed como la movilidad de las ciudades.<\/p>\n\n\n\n<p>Desde ANTAXI afirman que \u201caunque el Ministerio ha mostrado disposici\u00f3n a escuchar, no se nos ha acabado de trasladar una posici\u00f3n que garantice la estabilidad del sector y evite la liberalizaci\u00f3n total de las VTC\u201d. A juicio del presidente de la asociaci\u00f3n, <strong>Julio Sanz<\/strong>, \u201ces muy valorable la disposici\u00f3n del Ministerio y desde ANTAXI queremos corresponder a ella, pero entendemos que tienen que seguir trabajando por cerrar un texto que d\u00e9 garant\u00edas y seguridad jur\u00eddica a las m\u00e1s de 100.000 familias de las que depende el sector\u201d.<\/p>\n\n\n\n<p>En este sentido, y \u201cdesde el \u00e1nimo constructivo\u201d, el sector ha <strong>desconvocado la manifestaci\u00f3n prevista para ma\u00f1ana, jueves, 22 de junio en Madrid<\/strong> y ha decidido posponerla al jueves de la pr\u00f3xima semana. \u201cRecibimos el compromiso del ministerio de sacar adelante un texto que ordene la situaci\u00f3n y creemos que es lo propio por nuestra parte\u201d, afirma, al tiempo que insiste, eso s\u00ed, en que\u201d se trata de un aplazamiento y volveremos a la calle si no hay un texto en los pr\u00f3ximos d\u00edas\u201d.<\/p>\n\n\n\n<p>Para ANTAXI, lo primordial en este momento es contribuir de manera responsable a conseguir una norma que proteja al sector y evite la liberalizaci\u00f3n total del transporte Urbano. Para Sanz, \u201ces una buena noticia que el ministerio haya mostrado voluntad pol\u00edtica y su compromiso con el sector. Desde el taxi queremos confirmar nuestra expectativa de que en estos d\u00edas el Gobierno pueda acabar de cerrar una soluci\u00f3n a las cuestiones que est\u00e1n sobre la mesa. En consecuencia, aplazamos la protesta\u201d.<\/p>\n\n\n\n<div class=\"wp-block-image\"><figure class=\"aligncenter size-large\"><img loading=\"lazy\" decoding=\"async\" width=\"582\" height=\"812\" src=\"https:\/\/antaxi.es\/wp-content\/uploads\/2023\/06\/Aplaza.png\" alt=\"\" class=\"wp-image-789\" srcset=\"https:\/\/antaxi.es\/wp-content\/uploads\/2023\/06\/Aplaza.png 582w, https:\/\/antaxi.es\/wp-content\/uploads\/2023\/06\/Aplaza-215x300.png 215w\" sizes=\"(max-width: 582px) 100vw, 582px\" \/><\/figure><\/div>\n","protected":false},"excerpt":{"rendered":"<p>Como gesto de buena voluntad, la Asociaci\u00f3n Nacional del Taxi (ANTAXI) pospone la manifestaci\u00f3n prevista para este jueves, 22 de junio Desde la asociaci\u00f3n pretenden corresponder a la \u201cactitud constructiva\u201d del Gobierno, pero reafirman su expectativa en conseguir una norma que garantice la supervivencia del sector Madrid, 22 de junio de 2023.-La Asociaci\u00f3n Nacional del&hellip;&nbsp;<a href=\"https:\/\/antaxi.es\/?p=788\" class=\"\" rel=\"bookmark\">Leer m\u00e1s &raquo;<span class=\"screen-reader-text\">El sector del Taxi y Transportes contin\u00faan manteniendo reuniones, sin soluci\u00f3n definitiva por el momento.<\/span><\/a><\/p>\n","protected":false},"author":4,"featured_media":789,"comment_status":"open","ping_status":"open","sticky":true,"template":"","format":"standard","meta":{"neve_meta_sidebar":"","neve_meta_container":"","neve_meta_enable_content_width":"","neve_meta_content_width":0,"neve_meta_title_alignment":"","neve_meta_author_avatar":"","neve_post_elements_order":"","neve_meta_disable_header":"","neve_meta_disable_footer":"","neve_meta_disable_title":"","_ti_tpc_template_sync":false,"_ti_tpc_template_id":"","footnotes":""},"categories":[18,20],"tags":[],"_links":{"self":[{"href":"https:\/\/antaxi.es\/index.php?rest_route=\/wp\/v2\/posts\/788"}],"collection":[{"href":"https:\/\/antaxi.es\/index.php?rest_route=\/wp\/v2\/posts"}],"about":[{"href":"https:\/\/antaxi.es\/index.php?rest_route=\/wp\/v2\/types\/post"}],"author":[{"embeddable":true,"href":"https:\/\/antaxi.es\/index.php?rest_route=\/wp\/v2\/users\/4"}],"replies":[{"embeddable":true,"href":"https:\/\/antaxi.es\/index.php?rest_route=%2Fwp%2Fv2%2Fcomments&post=788"}],"version-history":[{"count":1,"href":"https:\/\/antaxi.es\/index.php?rest_route=\/wp\/v2\/posts\/788\/revisions"}],"predecessor-version":[{"id":790,"href":"https:\/\/antaxi.es\/index.php?rest_route=\/wp\/v2\/posts\/788\/revisions\/790"}],"wp:featuredmedia":[{"embeddable":true,"href":"https:\/\/antaxi.es\/index.php?rest_route=\/wp\/v2\/media\/789"}],"wp:attachment":[{"href":"https:\/\/antaxi.es\/index.php?rest_route=%2Fwp%2Fv2%2Fmedia&parent=788"}],"wp:term":[{"taxonomy":"category","embeddable":true,"href":"https:\/\/antaxi.es\/index.php?rest_route=%2Fwp%2Fv2%2Fcategories&post=788"},{"taxonomy":"post_tag","embeddable":true,"href":"https:\/\/antaxi.es\/index.php?rest_route=%2Fwp%2Fv2%2Ftags&post=788"}],"curies":[{"name":"wp","href":"https:\/\/api.w.org\/{rel}","templated":true}]}}