{"id":741,"date":"2022-08-03T10:45:05","date_gmt":"2022-08-03T08:45:05","guid":{"rendered":"https:\/\/antaxi.es\/?p=741"},"modified":"2022-08-03T10:45:07","modified_gmt":"2022-08-03T08:45:07","slug":"una-vez-mas-la-justicia-respalda-el-decreto-abalos-y-el-decreto-ley-que-regula-las-vtcs-en-la-comunidad-valenciana","status":"publish","type":"post","link":"https:\/\/antaxi.es\/?p=741","title":{"rendered":"UNA VEZ M\u00c1S LA JUSTICIA RESPALDA EL DECRETO \u00c1BALOS Y EL DECRETO LEY QUE REGULA LAS VTC\u00b4s EN LA COMUNIDAD VALENCIANA"},"content":{"rendered":"\n<ul><li><strong>La Sentencia desestima algunas pretensiones de UNAUTO, como rechazar taxativamente la inconstitucionalidad del Decreto \u00c1balos y del Decreto Ley que regula a las VTCs en la Comunidad Valenciana.<\/strong><\/li><li><strong>La Sentencia desestima igualmente la presunta vulneraci\u00f3n del Tratado de Funcionamiento de la UE, los art\u00edculos del TFUE en materia de competencia, as\u00ed como la vulneraci\u00f3n de la Ley de Garant\u00eda de Unidad de Mercado y el libre acceso a las actividades de servicios y su ejercicio.<\/strong><\/li><li><strong>El TSJ estima el Recurso Contencioso interpuesto por UNAUTO contra la hora de precontrataci\u00f3n en Elche regulada en su Ordenanza, pero curiosamente, el mismo TSJ reconoce en la Sentencia que ser\u00e1 el Supremo el que finalmente decida al respecto de la precontrataci\u00f3n de las VTCs.<\/strong><\/li><li><strong>La Sentencia no es firme, y sin duda, ANTAXI recurrir\u00e1 la Sentencia ante el Supremo, que ser\u00e1 finalmente el que dicte doctrina al respecto.<\/strong><\/li><\/ul>\n\n\n\n<p>El Tribunal Superior de Justicia de la Comunidad Valenciana estima el Recurso Contencioso, interpuesto por UNAUTO contra la Ordenanza reguladora de la prestaci\u00f3n del servicio de auto-taxi dentro del t\u00e9rmino municipal de Elche.<\/p>\n\n\n\n<p>El TSJ rechaza primero de manera taxativa las dudas sobre la constitucionalidad del Real Decreto-Ley 13\/2018 (Decreto Abalos), que habilita a las Comunidades Aut\u00f3nomas para modificar las condiciones de explotaci\u00f3n previstas en el art\u00edculo 182.1 del ROTT, ni sobre el Decreto-Ley 4\/2019 del Consell, que regula la precontrataci\u00f3n de VTCs en la Comunidad Valenciana.<\/p>\n\n\n\n<p>La Sentencia desestima igualmente la presunta vulneraci\u00f3n del Tratado de Funcionamiento de la UE, los art\u00edculos del TFUE en materia de competencia, as\u00ed como la vulneraci\u00f3n de la Ley de Garant\u00eda de Unidad de Mercado y el libre acceso a las actividades de servicios y su ejercicio en Espa\u00f1a.<\/p>\n\n\n\n<p>Sin embargo, anula por falta de motivaci\u00f3n, la regulaci\u00f3n aprobada por el Ayuntamiento de Elche (60 minutos), al entenderla desproporcionada en un municipio de poco m\u00e1s de 200.000 habitantes.<\/p>\n\n\n\n<p>Curiosamente, el propio TSJ se aventura a dar su criterio sobre la Ordenanza de Elche, pese a reconocer en la propia sentencia que habr\u00e1 que esperar, en todo caso, a la doctrina que termine fijando el Tribunal Supremo en los dos recursos que siguen pendientes sobre cuestiones similares en la normativa balear y vasca.<\/p>\n\n\n\n<p><strong>La Sentencia no es firme, y sin duda, ANTAXI, que sigue personada en todos los procesos judiciales en los que se decide el futuro del Taxi, recurrir\u00e1 la Sentencia ante el Supremo, que ser\u00e1 finalmente el que dicte doctrina en relaci\u00f3n con el periodo de precontrataci\u00f3n de VTCs.<\/strong><\/p>\n\n\n\n<p><strong>GRACIAS AL APOYO DE DECENAS DE MILES DE COMPA\u00d1EROS, ANTAXI PODR\u00c1 MANTENER ESTA LUCHA QUE NECESITA DE LOS MEJORES ABOGADOS<\/strong><\/p>\n\n\n\n<figure class=\"wp-block-image size-large\"><img loading=\"lazy\" decoding=\"async\" width=\"609\" height=\"835\" src=\"https:\/\/antaxi.es\/wp-content\/uploads\/2022\/08\/Elche.png\" alt=\"\" class=\"wp-image-742\" srcset=\"https:\/\/antaxi.es\/wp-content\/uploads\/2022\/08\/Elche.png 609w, https:\/\/antaxi.es\/wp-content\/uploads\/2022\/08\/Elche-219x300.png 219w\" sizes=\"(max-width: 609px) 100vw, 609px\" \/><\/figure>\n","protected":false},"excerpt":{"rendered":"<p>La Sentencia desestima algunas pretensiones de UNAUTO, como rechazar taxativamente la inconstitucionalidad del Decreto \u00c1balos y del Decreto Ley que regula a las VTCs en la Comunidad Valenciana. La Sentencia desestima igualmente la presunta vulneraci\u00f3n del Tratado de Funcionamiento de la UE, los art\u00edculos del TFUE en materia de competencia, as\u00ed como la vulneraci\u00f3n de&hellip;&nbsp;<a href=\"https:\/\/antaxi.es\/?p=741\" class=\"\" rel=\"bookmark\">Leer m\u00e1s &raquo;<span class=\"screen-reader-text\">UNA VEZ M\u00c1S LA JUSTICIA RESPALDA EL DECRETO \u00c1BALOS Y EL DECRETO LEY QUE REGULA LAS VTC\u00b4s EN LA COMUNIDAD VALENCIANA<\/span><\/a><\/p>\n","protected":false},"author":4,"featured_media":743,"comment_status":"open","ping_status":"open","sticky":false,"template":"","format":"standard","meta":{"neve_meta_sidebar":"","neve_meta_container":"","neve_meta_enable_content_width":"","neve_meta_content_width":0,"neve_meta_title_alignment":"","neve_meta_author_avatar":"","neve_post_elements_order":"","neve_meta_disable_header":"","neve_meta_disable_footer":"","neve_meta_disable_title":"","_ti_tpc_template_sync":false,"_ti_tpc_template_id":"","footnotes":""},"categories":[18,20],"tags":[],"_links":{"self":[{"href":"https:\/\/antaxi.es\/index.php?rest_route=\/wp\/v2\/posts\/741"}],"collection":[{"href":"https:\/\/antaxi.es\/index.php?rest_route=\/wp\/v2\/posts"}],"about":[{"href":"https:\/\/antaxi.es\/index.php?rest_route=\/wp\/v2\/types\/post"}],"author":[{"embeddable":true,"href":"https:\/\/antaxi.es\/index.php?rest_route=\/wp\/v2\/users\/4"}],"replies":[{"embeddable":true,"href":"https:\/\/antaxi.es\/index.php?rest_route=%2Fwp%2Fv2%2Fcomments&post=741"}],"version-history":[{"count":1,"href":"https:\/\/antaxi.es\/index.php?rest_route=\/wp\/v2\/posts\/741\/revisions"}],"predecessor-version":[{"id":744,"href":"https:\/\/antaxi.es\/index.php?rest_route=\/wp\/v2\/posts\/741\/revisions\/744"}],"wp:featuredmedia":[{"embeddable":true,"href":"https:\/\/antaxi.es\/index.php?rest_route=\/wp\/v2\/media\/743"}],"wp:attachment":[{"href":"https:\/\/antaxi.es\/index.php?rest_route=%2Fwp%2Fv2%2Fmedia&parent=741"}],"wp:term":[{"taxonomy":"category","embeddable":true,"href":"https:\/\/antaxi.es\/index.php?rest_route=%2Fwp%2Fv2%2Fcategories&post=741"},{"taxonomy":"post_tag","embeddable":true,"href":"https:\/\/antaxi.es\/index.php?rest_route=%2Fwp%2Fv2%2Ftags&post=741"}],"curies":[{"name":"wp","href":"https:\/\/api.w.org\/{rel}","templated":true}]}}