{"id":729,"date":"2022-04-20T12:59:19","date_gmt":"2022-04-20T10:59:19","guid":{"rendered":"https:\/\/antaxi.es\/?p=729"},"modified":"2022-04-20T12:59:21","modified_gmt":"2022-04-20T10:59:21","slug":"antaxi-organiza-la-conferencia-nacional-del-taxi-2022","status":"publish","type":"post","link":"https:\/\/antaxi.es\/?p=729","title":{"rendered":"ANTAXI organiza la Conferencia Nacional del Taxi 2022"},"content":{"rendered":"\n<p><\/p>\n\n\n\n<p><strong>-Objetivos:<\/strong><\/p>\n\n\n\n<p>Tras la publicaci\u00f3n del RD 13\/2018, el colectivo del Taxi ha estado a la expectativa, toda vez que las CCAA durante los 4 a\u00f1os de moratoria aprobados a las veh\u00edculos con autorizacion&nbsp; VTC , no han realizado modificaciones en la normativa auton\u00f3mica.<\/p>\n\n\n\n<p>Es ahora, cuando se inicia por parte de las diferentes administraciones auton\u00f3micas cambios normativos que en muchas ocasiones, modifican el espiritu del Real Decreto.<\/p>\n\n\n\n<p>En esta Conferencia que organiza ANTAXI, y a la que asisten tambi\u00e9n los compa\u00f1eros de FEDETAXI, y por extensi\u00f3n todas las Organizaciones Sectoriales con el fin de recabar una <strong>Hoja de Ruta Nacional<\/strong> y armonizar las pretensiones de todo el colectivo y que sean trasladadas a los diferentes estamentos.<\/p>\n\n\n\n<figure class=\"wp-block-image size-large\"><img loading=\"lazy\" decoding=\"async\" width=\"701\" height=\"701\" src=\"https:\/\/antaxi.es\/wp-content\/uploads\/2022\/04\/redes-whatsapp_conferencia_popup.jpg\" alt=\"\" class=\"wp-image-730\"\/><\/figure>\n\n\n\n<p><strong>-Taxi del Futuro:<\/strong><\/p>\n\n\n\n<p>Esta Conferencia a su vez, debe sentar las bases de como ser\u00e1 el <strong>Taxi del Futuro<\/strong>, la movilidad, un elemento tan importante en los planes normativos que se vienen desarrollando, adolece, en la mayor\u00eda de las ocasiones de <strong>\u201colvidar\u201d<\/strong> la parte que compone nuestro Sector, planteando modificaciones que nos afectan y que como consecuencia de la atomizaci\u00f3n de nuestro colectivo hace dif\u00edcil encontrar la interlocuci\u00f3n necesaria, desde aqu\u00ed queremos plantear un denominador com\u00fan en nuestros planteamientos, sin olvidar una parte important\u00edsima, como son los compa\u00f1eros que prestan servicio en la mal denominada \u201cEspa\u00f1a Vaciada\u201d , es ah\u00ed, donde el Taxi sigue vertebrando los territorios, y, en muchas ocasiones prestando aquellos servicios que las administraciones p\u00fablicas no pueden realizar por el elevado coste que supondria, y que nuestro colectivo realiza optimizando los recursos publicos, como son:<\/p>\n\n\n\n<ul><li><strong>El Transporte Sanitario<\/strong> No medicalizado.<\/li><li><strong>El Transporte Escolar<\/strong> en zonas de baja densidad poblacional.<\/li><li><strong>El Taxi a Demanda<\/strong>, garantizando la movilidad que es derecho fundamental de los ciudadanos en estos territorios.<\/li><li><strong>Convenios Asistenciales con Mutuas<\/strong>, organismos oficiales, y un largo etc\u00e9tera.<\/li><\/ul>\n\n\n\n<p>As\u00ed mismo, plantear en el \u00e1mbito mercantil f\u00f3rmulas que aglutinen a todos los taxistas y que permitan que no se precarice a\u00fan mas la situaci\u00f3n de estos titulares de licencia que prestan servicio en las grandes conurbaciones metropolitanas, donde proliferan empresas intermediarias que aprovechan ese marco entre la normativa de transportes y la mercantil, precarizando a\u00fan mas nuestro colectivo.<\/p>\n\n\n\n<p><strong>-Usuarios:<\/strong><\/p>\n\n\n\n<p>Daremos cabida a los usuarios, para que nos trasladen sus inquietudes y opiniones sobre como mejorar nuetro servicio e implementar aquellas cuestiones que nos indiquen siempre que sea posible en nuestras normas, empezando por los Ayuntamientos o Areas de Prestaci\u00f3n Conjunta, y escalando a las CCAA. Y al Estado Central, nuestra raz\u00f3n de ser, son los usuarios, debemos trasladarles que las garantias y derechos que se han adquirido en los mas de 100 a\u00f1os que lleva el Taxi con nuestra configuraci\u00f3n normativa.<\/p>\n\n\n\n<p>Durante la Conferencia, trasladaremos las conclusiones a los grupos politicos que asistan y escucharemos sus iniciativas.<\/p>\n\n\n\n<p><\/p>\n","protected":false},"excerpt":{"rendered":"<p>-Objetivos: Tras la publicaci\u00f3n del RD 13\/2018, el colectivo del Taxi ha estado a la expectativa, toda vez que las CCAA durante los 4 a\u00f1os de moratoria aprobados a las veh\u00edculos con autorizacion&nbsp; VTC , no han realizado modificaciones en la normativa auton\u00f3mica. Es ahora, cuando se inicia por parte de las diferentes administraciones auton\u00f3micas&hellip;&nbsp;<a href=\"https:\/\/antaxi.es\/?p=729\" class=\"\" rel=\"bookmark\">Leer m\u00e1s &raquo;<span class=\"screen-reader-text\">ANTAXI organiza la Conferencia Nacional del Taxi 2022<\/span><\/a><\/p>\n","protected":false},"author":4,"featured_media":730,"comment_status":"open","ping_status":"open","sticky":true,"template":"","format":"standard","meta":{"neve_meta_sidebar":"","neve_meta_container":"","neve_meta_enable_content_width":"","neve_meta_content_width":0,"neve_meta_title_alignment":"","neve_meta_author_avatar":"","neve_post_elements_order":"","neve_meta_disable_header":"","neve_meta_disable_footer":"","neve_meta_disable_title":"","_ti_tpc_template_sync":false,"_ti_tpc_template_id":"","footnotes":""},"categories":[1],"tags":[],"_links":{"self":[{"href":"https:\/\/antaxi.es\/index.php?rest_route=\/wp\/v2\/posts\/729"}],"collection":[{"href":"https:\/\/antaxi.es\/index.php?rest_route=\/wp\/v2\/posts"}],"about":[{"href":"https:\/\/antaxi.es\/index.php?rest_route=\/wp\/v2\/types\/post"}],"author":[{"embeddable":true,"href":"https:\/\/antaxi.es\/index.php?rest_route=\/wp\/v2\/users\/4"}],"replies":[{"embeddable":true,"href":"https:\/\/antaxi.es\/index.php?rest_route=%2Fwp%2Fv2%2Fcomments&post=729"}],"version-history":[{"count":1,"href":"https:\/\/antaxi.es\/index.php?rest_route=\/wp\/v2\/posts\/729\/revisions"}],"predecessor-version":[{"id":731,"href":"https:\/\/antaxi.es\/index.php?rest_route=\/wp\/v2\/posts\/729\/revisions\/731"}],"wp:featuredmedia":[{"embeddable":true,"href":"https:\/\/antaxi.es\/index.php?rest_route=\/wp\/v2\/media\/730"}],"wp:attachment":[{"href":"https:\/\/antaxi.es\/index.php?rest_route=%2Fwp%2Fv2%2Fmedia&parent=729"}],"wp:term":[{"taxonomy":"category","embeddable":true,"href":"https:\/\/antaxi.es\/index.php?rest_route=%2Fwp%2Fv2%2Fcategories&post=729"},{"taxonomy":"post_tag","embeddable":true,"href":"https:\/\/antaxi.es\/index.php?rest_route=%2Fwp%2Fv2%2Ftags&post=729"}],"curies":[{"name":"wp","href":"https:\/\/api.w.org\/{rel}","templated":true}]}}