{"id":674,"date":"2021-06-03T12:41:46","date_gmt":"2021-06-03T10:41:46","guid":{"rendered":"https:\/\/antaxi.es\/?p=674"},"modified":"2021-06-03T12:41:49","modified_gmt":"2021-06-03T10:41:49","slug":"asamblea-ordinaria-antaxi-2021-seguimos-sumando","status":"publish","type":"post","link":"https:\/\/antaxi.es\/?p=674","title":{"rendered":"ASAMBLEA ORDINARIA ANTAXI 2021, SEGUIMOS SUMANDO."},"content":{"rendered":"\n<ul><li><strong>El pasado 1 de Junio se celebr\u00f3 la Asamblea Ordinaria de la Asociaci\u00f3n Nacional del Taxi (ANTAXI), Organizaci\u00f3n mayoritaria del Taxi de Espa\u00f1a.<\/strong><\/li><li><strong>Se confirma la entrada de la Federaci\u00f3n Andaluza del Taxi (FAAT), la Asociaci\u00f3n Provincial de Auto-Taxi de Zaragoza (APATZ) y Elite Costa del Sol.<\/strong><\/li><li><strong>Se ampl\u00eda la Junta Directiva para dar mayor fuerza y pluralidad a ANTAXI, se aprueban la gesti\u00f3n y los balances econ\u00f3micos de 2020 y 2021.<\/strong><\/li><li><strong>ANTAXI se incorporar\u00e1 en la nueva Confederaci\u00f3n Europea del Taxi.<\/strong><\/li><\/ul>\n\n\n\n<p>El pasado d\u00eda 1 de Junio de 2021, se celebr\u00f3 la Asamblea Ordinaria de ANTAXI, como primer punto del Orden del d\u00eda, se aprob\u00f3 la incorporaci\u00f3n de nuevas asociaciones y Federaciones en la Organizaci\u00f3n, que ostentan la mayor\u00eda de representaci\u00f3n en Andaluc\u00eda y Arag\u00f3n, sumando cerca de 10.000 nuevos compa\u00f1eros a la Organizaci\u00f3n mayoritaria del sector del Taxi de Espa\u00f1a.<\/p>\n\n\n\n<p>Se acord\u00f3 la nueva Junta Directiva para los pr\u00f3ximos cuatro a\u00f1os, que se ampl\u00eda hasta 15 miembros de los 11 que contaba hasta ahora.<\/p>\n\n\n\n<p>La presidencia ser\u00e1 para Julio Sanz de la Federaci\u00f3n de Madrid, la Vicepresidencia para la Federaci\u00f3n Vasca, la &nbsp;Secretaria seguir\u00e1 en Madrid, la Tesorer\u00eda en la Comunidad Valenciana y se a\u00f1adir\u00e1n nuevas vocal\u00edas para el STAC de Catalu\u00f1a, la Federaci\u00f3n Andaluza, APATZ de Zaragoza y Elite Barcelona.<\/p>\n\n\n\n<p>En todo momento fue patente el buen ambiente entre todos los presentes y la necesidad de tener una Organizaci\u00f3n fuerte que represente al Taxista Aut\u00f3nomo y encabece la lucha contra la competencia desleal que lleva a\u00f1os sufriendo el sector del Taxi de Espa\u00f1a, centrando el debate en c\u00f3mo mejorar la Organizaci\u00f3n y establecer nuevas v\u00edas de defensa del sector, manteniendo las que hasta ahora han sido positivas, se\u00f1alando la importancia de priorizar la inversi\u00f3n en la defensa jur\u00eddica que tan buenos frutos han dado en los \u00faltimos meses.<\/p>\n\n\n\n<p><strong>Se aprobaron los informes de gesti\u00f3n, los balances econ\u00f3micos y presupuestos, aprobando por primera vez en varios a\u00f1os un presupuesto anual sin cuotas extraordinarias, gracias a que cada vez somos m\u00e1s compa\u00f1eros y tenemos m\u00e1s capacidad econ\u00f3mica para luchar en todos los frentes.<\/strong><\/p>\n\n\n\n<p>Se habl\u00f3 sobre la importancia de estar en el Comit\u00e9 Nacional, en el Consejo Nacional de Transportes y sobre la incorporaci\u00f3n de ANTAXI en la Confederaci\u00f3n Europea del Taxi en la pasada semana.<\/p>\n\n\n\n<p class=\"has-text-align-center\">Por \u00faltimo se acord\u00f3 convocar pr\u00f3ximamente una Asamblea Extraordinaria para debatir con todo detalle la necesidad o no de modificar el convenio colectivo nacional del Taxi, que est\u00e1 afectando negativamente a algunas entidades del sector.<\/p>\n\n\n\n<div class=\"wp-block-image\"><figure class=\"aligncenter size-large\"><img loading=\"lazy\" decoding=\"async\" width=\"629\" height=\"896\" src=\"https:\/\/antaxi.es\/wp-content\/uploads\/2021\/06\/Captura-3.png\" alt=\"\" class=\"wp-image-676\" srcset=\"https:\/\/antaxi.es\/wp-content\/uploads\/2021\/06\/Captura-3.png 629w, https:\/\/antaxi.es\/wp-content\/uploads\/2021\/06\/Captura-3-211x300.png 211w\" sizes=\"(max-width: 629px) 100vw, 629px\" \/><\/figure><\/div>\n","protected":false},"excerpt":{"rendered":"<p>El pasado 1 de Junio se celebr\u00f3 la Asamblea Ordinaria de la Asociaci\u00f3n Nacional del Taxi (ANTAXI), Organizaci\u00f3n mayoritaria del Taxi de Espa\u00f1a. Se confirma la entrada de la Federaci\u00f3n Andaluza del Taxi (FAAT), la Asociaci\u00f3n Provincial de Auto-Taxi de Zaragoza (APATZ) y Elite Costa del Sol. Se ampl\u00eda la Junta Directiva para dar mayor&hellip;&nbsp;<a href=\"https:\/\/antaxi.es\/?p=674\" class=\"\" rel=\"bookmark\">Leer m\u00e1s &raquo;<span class=\"screen-reader-text\">ASAMBLEA ORDINARIA ANTAXI 2021, SEGUIMOS SUMANDO.<\/span><\/a><\/p>\n","protected":false},"author":4,"featured_media":675,"comment_status":"open","ping_status":"open","sticky":false,"template":"","format":"standard","meta":{"neve_meta_sidebar":"","neve_meta_container":"","neve_meta_enable_content_width":"","neve_meta_content_width":0,"neve_meta_title_alignment":"","neve_meta_author_avatar":"","neve_post_elements_order":"","neve_meta_disable_header":"","neve_meta_disable_footer":"","neve_meta_disable_title":"","_ti_tpc_template_sync":false,"_ti_tpc_template_id":"","footnotes":""},"categories":[18,20],"tags":[],"_links":{"self":[{"href":"https:\/\/antaxi.es\/index.php?rest_route=\/wp\/v2\/posts\/674"}],"collection":[{"href":"https:\/\/antaxi.es\/index.php?rest_route=\/wp\/v2\/posts"}],"about":[{"href":"https:\/\/antaxi.es\/index.php?rest_route=\/wp\/v2\/types\/post"}],"author":[{"embeddable":true,"href":"https:\/\/antaxi.es\/index.php?rest_route=\/wp\/v2\/users\/4"}],"replies":[{"embeddable":true,"href":"https:\/\/antaxi.es\/index.php?rest_route=%2Fwp%2Fv2%2Fcomments&post=674"}],"version-history":[{"count":1,"href":"https:\/\/antaxi.es\/index.php?rest_route=\/wp\/v2\/posts\/674\/revisions"}],"predecessor-version":[{"id":677,"href":"https:\/\/antaxi.es\/index.php?rest_route=\/wp\/v2\/posts\/674\/revisions\/677"}],"wp:featuredmedia":[{"embeddable":true,"href":"https:\/\/antaxi.es\/index.php?rest_route=\/wp\/v2\/media\/675"}],"wp:attachment":[{"href":"https:\/\/antaxi.es\/index.php?rest_route=%2Fwp%2Fv2%2Fmedia&parent=674"}],"wp:term":[{"taxonomy":"category","embeddable":true,"href":"https:\/\/antaxi.es\/index.php?rest_route=%2Fwp%2Fv2%2Fcategories&post=674"},{"taxonomy":"post_tag","embeddable":true,"href":"https:\/\/antaxi.es\/index.php?rest_route=%2Fwp%2Fv2%2Ftags&post=674"}],"curies":[{"name":"wp","href":"https:\/\/api.w.org\/{rel}","templated":true}]}}