{"id":499,"date":"2019-05-08T09:01:00","date_gmt":"2019-05-08T09:01:00","guid":{"rendered":"https:\/\/antaxi.es\/?p=499"},"modified":"2019-05-08T09:01:00","modified_gmt":"2019-05-08T09:01:00","slug":"antaxi-se-suma-a-la-campana-el-sindrome-del-pero-de-felgtb","status":"publish","type":"post","link":"https:\/\/antaxi.es\/?p=499","title":{"rendered":"ANTAXI se suma a la campa\u00f1a \u201cEl S\u00edndrome del Pero\u201d de FELGTB"},"content":{"rendered":"<p><img loading=\"lazy\" decoding=\"async\" class=\" size-full wp-image-497\" src=\"https:\/\/antaxi.es\/wp-content\/uploads\/2019\/05\/85TIRAANTAXI.jpg\" alt=\"\" width=\"1891\" height=\"657\" srcset=\"https:\/\/antaxi.es\/wp-content\/uploads\/2019\/05\/85TIRAANTAXI.jpg 1891w, https:\/\/antaxi.es\/wp-content\/uploads\/2019\/05\/85TIRAANTAXI-300x104.jpg 300w, https:\/\/antaxi.es\/wp-content\/uploads\/2019\/05\/85TIRAANTAXI-1024x356.jpg 1024w, https:\/\/antaxi.es\/wp-content\/uploads\/2019\/05\/85TIRAANTAXI-768x267.jpg 768w, https:\/\/antaxi.es\/wp-content\/uploads\/2019\/05\/85TIRAANTAXI-1536x534.jpg 1536w\" sizes=\"(max-width: 1891px) 100vw, 1891px\" \/> de la Federaci\u00f3n Estatal de Lesbianas, Gais, Trans y Bisexuales (FELGTB), cuyo <B>objetivo es combatir los discursos de odio contra la poblaci\u00f3n LGTBI<\/B>. As\u00ed, <B>taxis de Madrid, Valencia, Baleares, Cantabria, Pa\u00eds Vasco y Navarra ofrecer\u00e1n informaci\u00f3n a sus viajeros sobre esta particular patolog\u00eda y su tratamiento a partir de este mi\u00e9rcoles 8 de mayo<\/B>.<\/p>\n<\/p>\n<p>Se trata de una <B>iniciativa para luchar contra la LGTBIfobia a\u00fan presente en la sociedad actual<\/B> y dotar de argumentos a aquellas personas que se sienten ofendidas ante la reaparici\u00f3n de determinados mensajes discriminatorios que vuelven a estar presentes en la esfera p\u00fablica.<\/p>\n<\/p>\n<p><big><b>Seguimos trabajando!!<\/b><\/big><\/p>\n<p><img loading=\"lazy\" decoding=\"async\" class=\" size-full wp-image-498\" src=\"https:\/\/antaxi.es\/wp-content\/uploads\/2019\/05\/Nota-scaled.jpg\" alt=\"\" width=\"1806\" height=\"2560\" srcset=\"https:\/\/antaxi.es\/wp-content\/uploads\/2019\/05\/Nota-scaled.jpg 1806w, https:\/\/antaxi.es\/wp-content\/uploads\/2019\/05\/Nota-212x300.jpg 212w, https:\/\/antaxi.es\/wp-content\/uploads\/2019\/05\/Nota-722x1024.jpg 722w, https:\/\/antaxi.es\/wp-content\/uploads\/2019\/05\/Nota-768x1089.jpg 768w, https:\/\/antaxi.es\/wp-content\/uploads\/2019\/05\/Nota-1084x1536.jpg 1084w, https:\/\/antaxi.es\/wp-content\/uploads\/2019\/05\/Nota-1445x2048.jpg 1445w\" sizes=\"(max-width: 1806px) 100vw, 1806px\" \/><\/p>\n","protected":false},"excerpt":{"rendered":"<p>La Asociaci\u00f3n Nacional del Taxi (ANTAXI) se suma a la campa\u00f1a \u201cEl S\u00edndrome del Pero\u201d<\/p>\n","protected":false},"author":1,"featured_media":497,"comment_status":"open","ping_status":"open","sticky":false,"template":"","format":"standard","meta":{"neve_meta_sidebar":"","neve_meta_container":"","neve_meta_enable_content_width":"","neve_meta_content_width":0,"neve_meta_title_alignment":"","neve_meta_author_avatar":"","neve_post_elements_order":"","neve_meta_disable_header":"","neve_meta_disable_footer":"","neve_meta_disable_title":"","_ti_tpc_template_sync":false,"_ti_tpc_template_id":"","footnotes":""},"categories":[20],"tags":[],"_links":{"self":[{"href":"https:\/\/antaxi.es\/index.php?rest_route=\/wp\/v2\/posts\/499"}],"collection":[{"href":"https:\/\/antaxi.es\/index.php?rest_route=\/wp\/v2\/posts"}],"about":[{"href":"https:\/\/antaxi.es\/index.php?rest_route=\/wp\/v2\/types\/post"}],"author":[{"embeddable":true,"href":"https:\/\/antaxi.es\/index.php?rest_route=\/wp\/v2\/users\/1"}],"replies":[{"embeddable":true,"href":"https:\/\/antaxi.es\/index.php?rest_route=%2Fwp%2Fv2%2Fcomments&post=499"}],"version-history":[{"count":0,"href":"https:\/\/antaxi.es\/index.php?rest_route=\/wp\/v2\/posts\/499\/revisions"}],"wp:featuredmedia":[{"embeddable":true,"href":"https:\/\/antaxi.es\/index.php?rest_route=\/wp\/v2\/media\/497"}],"wp:attachment":[{"href":"https:\/\/antaxi.es\/index.php?rest_route=%2Fwp%2Fv2%2Fmedia&parent=499"}],"wp:term":[{"taxonomy":"category","embeddable":true,"href":"https:\/\/antaxi.es\/index.php?rest_route=%2Fwp%2Fv2%2Fcategories&post=499"},{"taxonomy":"post_tag","embeddable":true,"href":"https:\/\/antaxi.es\/index.php?rest_route=%2Fwp%2Fv2%2Ftags&post=499"}],"curies":[{"name":"wp","href":"https:\/\/api.w.org\/{rel}","templated":true}]}}