{"id":491,"date":"2019-03-21T09:01:00","date_gmt":"2019-03-21T09:01:00","guid":{"rendered":"https:\/\/antaxi.es\/?p=491"},"modified":"2019-03-21T09:01:00","modified_gmt":"2019-03-21T09:01:00","slug":"01abril-registro-vtc-s","status":"publish","type":"post","link":"https:\/\/antaxi.es\/?p=491","title":{"rendered":"#01abril: Registro de Control de la actividad de las VTC\u00b4s"},"content":{"rendered":"<p><img loading=\"lazy\" decoding=\"async\" class=\" size-full wp-image-490\" src=\"https:\/\/antaxi.es\/wp-content\/uploads\/2019\/03\/2103TIRAANTAXI.jpg\" alt=\"\" width=\"1891\" height=\"657\" srcset=\"https:\/\/antaxi.es\/wp-content\/uploads\/2019\/03\/2103TIRAANTAXI.jpg 1891w, https:\/\/antaxi.es\/wp-content\/uploads\/2019\/03\/2103TIRAANTAXI-300x104.jpg 300w, https:\/\/antaxi.es\/wp-content\/uploads\/2019\/03\/2103TIRAANTAXI-1024x356.jpg 1024w, https:\/\/antaxi.es\/wp-content\/uploads\/2019\/03\/2103TIRAANTAXI-768x267.jpg 768w, https:\/\/antaxi.es\/wp-content\/uploads\/2019\/03\/2103TIRAANTAXI-1536x534.jpg 1536w\" sizes=\"(max-width: 1891px) 100vw, 1891px\" \/> de la Direcci\u00f3n General de Transporte Terrestre, por la que se anuncia que el sistema inform\u00e1tico de gesti\u00f3n del <b>Registro de Comunicaciones de los Servicios de Arrendamiento de Veh\u00edculos con Conductor, se encontrar\u00e1 operativo a partir del d\u00eda 1 de abril de 2019.<\/b><\/p>\n<\/p>\n<p>De este modo, <b>a partir del 1 de abril se deber\u00e1n comunicar previamente al Registro los datos relativos a cualquier servicio VTC que sea demandado<\/b>. Este Registro VTC <b>permitir\u00e1 a los \u00f3rganos de control competentes la consulta y el control tanto de la contrataci\u00f3n previa al inicio de los servicios, como de la regla de la habitualidad seg\u00fan la cual el 80% de los servicios VTC deben ser prestados en la comunidad aut\u00f3noma donde se encuentre domiciliada la autorizaci\u00f3n<\/b>.<\/p>\n<\/p>\n<\/p>\n<p> <iframe src=\"http:\/\/docs.google.com\/gview?url=http:\/\/www.antaxi.es\/images\/COMUNICADO\/Registro-VTC.pdf&amp;embedded=true\"          mce_src=\"http:\/\/docs.google.com\/gview?url=http:\/\/www.antaxi.es\/images\/COMUNICADO\/Registro-VTC.pdf&amp;embedded=true\"   style=\"align: center; width: 600px; height: 830px;\" frameborder=\"0\">  <\/iframe> <\/p>\n<p><big><big><b>Seguimos trabajando!!<\/b><\/big><\/big><\/p>\n","protected":false},"excerpt":{"rendered":"<p>El Bolet\u00edn Oficial del Estado publica hoy la Resoluci\u00f3n de 15 de marzo de 2019<\/p>\n","protected":false},"author":1,"featured_media":490,"comment_status":"open","ping_status":"open","sticky":false,"template":"","format":"standard","meta":{"neve_meta_sidebar":"","neve_meta_container":"","neve_meta_enable_content_width":"","neve_meta_content_width":0,"neve_meta_title_alignment":"","neve_meta_author_avatar":"","neve_post_elements_order":"","neve_meta_disable_header":"","neve_meta_disable_footer":"","neve_meta_disable_title":"","_ti_tpc_template_sync":false,"_ti_tpc_template_id":"","footnotes":""},"categories":[20],"tags":[],"_links":{"self":[{"href":"https:\/\/antaxi.es\/index.php?rest_route=\/wp\/v2\/posts\/491"}],"collection":[{"href":"https:\/\/antaxi.es\/index.php?rest_route=\/wp\/v2\/posts"}],"about":[{"href":"https:\/\/antaxi.es\/index.php?rest_route=\/wp\/v2\/types\/post"}],"author":[{"embeddable":true,"href":"https:\/\/antaxi.es\/index.php?rest_route=\/wp\/v2\/users\/1"}],"replies":[{"embeddable":true,"href":"https:\/\/antaxi.es\/index.php?rest_route=%2Fwp%2Fv2%2Fcomments&post=491"}],"version-history":[{"count":0,"href":"https:\/\/antaxi.es\/index.php?rest_route=\/wp\/v2\/posts\/491\/revisions"}],"wp:featuredmedia":[{"embeddable":true,"href":"https:\/\/antaxi.es\/index.php?rest_route=\/wp\/v2\/media\/490"}],"wp:attachment":[{"href":"https:\/\/antaxi.es\/index.php?rest_route=%2Fwp%2Fv2%2Fmedia&parent=491"}],"wp:term":[{"taxonomy":"category","embeddable":true,"href":"https:\/\/antaxi.es\/index.php?rest_route=%2Fwp%2Fv2%2Fcategories&post=491"},{"taxonomy":"post_tag","embeddable":true,"href":"https:\/\/antaxi.es\/index.php?rest_route=%2Fwp%2Fv2%2Ftags&post=491"}],"curies":[{"name":"wp","href":"https:\/\/api.w.org\/{rel}","templated":true}]}}