{"id":454,"date":"2018-10-02T08:02:00","date_gmt":"2018-10-02T08:02:00","guid":{"rendered":"https:\/\/antaxi.es\/?p=454"},"modified":"2018-10-02T08:02:00","modified_gmt":"2018-10-02T08:02:00","slug":"llevaremos-a-los-tribunales-los-puntos-del-real-decreto-de-vtc","status":"publish","type":"post","link":"https:\/\/antaxi.es\/?p=454","title":{"rendered":"NdP: \u00abllevaremos a los tribunales los puntos del real decreto de VTC que no solucionen el conflicto"},"content":{"rendered":"<p><img loading=\"lazy\" decoding=\"async\" class=\" size-full wp-image-452\" src=\"https:\/\/antaxi.es\/wp-content\/uploads\/2018\/10\/210TIRAANTAXI.jpg\" alt=\"\" width=\"1891\" height=\"657\" srcset=\"https:\/\/antaxi.es\/wp-content\/uploads\/2018\/10\/210TIRAANTAXI.jpg 1891w, https:\/\/antaxi.es\/wp-content\/uploads\/2018\/10\/210TIRAANTAXI-300x104.jpg 300w, https:\/\/antaxi.es\/wp-content\/uploads\/2018\/10\/210TIRAANTAXI-1024x356.jpg 1024w, https:\/\/antaxi.es\/wp-content\/uploads\/2018\/10\/210TIRAANTAXI-768x267.jpg 768w, https:\/\/antaxi.es\/wp-content\/uploads\/2018\/10\/210TIRAANTAXI-1536x534.jpg 1536w\" sizes=\"(max-width: 1891px) 100vw, 1891px\" \/>  <\/p>\n<p>En concreto, <b>el plazo de cuatro a\u00f1os que establece la norma como medida indemnizatoria a las comunidades aut\u00f3nomas y ayuntamientos<\/b>, pues se trata \u201cde un punto que no est\u00e1 justificado, ya que las expectativas de un derecho no son indemnizables\u201d, ha explicado Julio Sanz, Pte. de ANTAXI.<\/p>\n<\/p>\n<p>Igualmente <b>solicitamos a las administraciones locales y auton\u00f3micas \u201cla m\u00e1xima implicaci\u00f3n posible para implantar las medidas necesarias que materialicen el equilibrio entre los dos sectores que desarrollan su actividad en el mismo \u00e1mbito con diferente legislaci\u00f3n\u201d<\/b>.<\/p>\n<\/p>\n<p>Adem\u00e1s, <b>solicitaremos al Tribunal Superior de Justicia de Catalu\u00f1a (TSJ), el levantamiento de las medidas cautelares al reglamento de las VTC en el \u00c1rea Metropolitana de Barcelona (AMB) y recurrir\u00e1 la concesi\u00f3n de las autorizaciones VTC que est\u00e1n actualmente en tr\u00e1mite<\/b>.<\/p>\n<\/p>\n<p>En cualquier caso, <b>ANTAXI valora positivamente la norma aprobada por el Ministerio de Fomento<\/b> que, seg\u00fan ha expresado Julio Sanz, \u201cresuelve, a\u00fan con matices, la asimetr\u00eda normativa existente entre el sector del taxi y las VTC\u201d.<\/p>\n<\/p>\n<p> <img decoding=\"async\" src=\"https:\/\/antaxi.es\/wp-content\/uploads\/2018\/10\/210NdPANTAXI-scaled.jpg\" alt=\"\"\/>   <\/p>\n","protected":false},"excerpt":{"rendered":"<p>Desde ANTAXI anunciamos que <b>llevaremos a los tribunales los puntos del real decreto ley aprobado por el Gobierno que no solucionen el conflicto entre el sector y las VTC<\/b>.<\/p>\n","protected":false},"author":4,"featured_media":452,"comment_status":"open","ping_status":"open","sticky":false,"template":"","format":"standard","meta":{"neve_meta_sidebar":"","neve_meta_container":"","neve_meta_enable_content_width":"","neve_meta_content_width":0,"neve_meta_title_alignment":"","neve_meta_author_avatar":"","neve_post_elements_order":"","neve_meta_disable_header":"","neve_meta_disable_footer":"","neve_meta_disable_title":"","_ti_tpc_template_sync":false,"_ti_tpc_template_id":"","footnotes":""},"categories":[20],"tags":[],"_links":{"self":[{"href":"https:\/\/antaxi.es\/index.php?rest_route=\/wp\/v2\/posts\/454"}],"collection":[{"href":"https:\/\/antaxi.es\/index.php?rest_route=\/wp\/v2\/posts"}],"about":[{"href":"https:\/\/antaxi.es\/index.php?rest_route=\/wp\/v2\/types\/post"}],"author":[{"embeddable":true,"href":"https:\/\/antaxi.es\/index.php?rest_route=\/wp\/v2\/users\/4"}],"replies":[{"embeddable":true,"href":"https:\/\/antaxi.es\/index.php?rest_route=%2Fwp%2Fv2%2Fcomments&post=454"}],"version-history":[{"count":0,"href":"https:\/\/antaxi.es\/index.php?rest_route=\/wp\/v2\/posts\/454\/revisions"}],"wp:featuredmedia":[{"embeddable":true,"href":"https:\/\/antaxi.es\/index.php?rest_route=\/wp\/v2\/media\/452"}],"wp:attachment":[{"href":"https:\/\/antaxi.es\/index.php?rest_route=%2Fwp%2Fv2%2Fmedia&parent=454"}],"wp:term":[{"taxonomy":"category","embeddable":true,"href":"https:\/\/antaxi.es\/index.php?rest_route=%2Fwp%2Fv2%2Fcategories&post=454"},{"taxonomy":"post_tag","embeddable":true,"href":"https:\/\/antaxi.es\/index.php?rest_route=%2Fwp%2Fv2%2Ftags&post=454"}],"curies":[{"name":"wp","href":"https:\/\/api.w.org\/{rel}","templated":true}]}}