{"id":350,"date":"2017-11-22T08:00:00","date_gmt":"2017-11-22T08:00:00","guid":{"rendered":"https:\/\/antaxi.es\/?p=350"},"modified":"2017-11-22T08:00:00","modified_gmt":"2017-11-22T08:00:00","slug":"que-fomento-ceda-las-competencias-de-las-vtc-s-a-ccaa-y-ayuntamientos","status":"publish","type":"post","link":"https:\/\/antaxi.es\/?p=350","title":{"rendered":"\u00abQue Fomento ceda  las competencias de las VTC\u00b4s a CCAA y Ayuntamientos\u00bb"},"content":{"rendered":"<p><img loading=\"lazy\" decoding=\"async\" class=\" size-full wp-image-348\" src=\"https:\/\/antaxi.es\/wp-content\/uploads\/2017\/11\/28TIRAANTAXI.jpg\" alt=\"\" width=\"1891\" height=\"657\" srcset=\"https:\/\/antaxi.es\/wp-content\/uploads\/2017\/11\/28TIRAANTAXI.jpg 1891w, https:\/\/antaxi.es\/wp-content\/uploads\/2017\/11\/28TIRAANTAXI-300x104.jpg 300w, https:\/\/antaxi.es\/wp-content\/uploads\/2017\/11\/28TIRAANTAXI-1024x356.jpg 1024w, https:\/\/antaxi.es\/wp-content\/uploads\/2017\/11\/28TIRAANTAXI-768x267.jpg 768w, https:\/\/antaxi.es\/wp-content\/uploads\/2017\/11\/28TIRAANTAXI-1536x534.jpg 1536w\" sizes=\"(max-width: 1891px) 100vw, 1891px\" \/> es la que propicia que actualmente, gracias a las facilidades tecnol\u00f3gicas, tanto el colectivo del taxi como el de las VTC, realicen el mismo servicio a pesar de tratarse de autorizaciones de diversa naturaleza y con obligaciones distintas.<\/p>\n<p>&nbsp;<\/p>\n<p>Asimismo, desde ANTAXI han instado al  gobierno a  realizar  los  cambios normativos pertinentes que garanticen \u00abla  estabilidad y continuidad de un colectivo compuesto por m\u00e1s de 67.000 trabajadores aut\u00f3nomos y 30.000 conductores asalariados que lleva desde 2009 inmerso en un estado continuo de incertidumbre\u00bb.<\/p>\n<p>&nbsp;<\/p>\n<p>En relaci\u00f3n a los motivos que llevan al sector a convocar esta nueva manifestaci\u00f3n, los taxistas insisten en que, a pesar  de haberse  reunido con representantes de Fomento para tratar de dar soluci\u00f3n al problema, las medidas propuestas no son suficientes para garantizar que se desbloquee la situaci\u00f3n del colectivo.<\/p>\n<p>&nbsp;<\/p>\n<p><img loading=\"lazy\" decoding=\"async\" class=\" size-full wp-image-349\" src=\"https:\/\/antaxi.es\/wp-content\/uploads\/2017\/11\/NP28-11-scaled.jpg\" alt=\"\" width=\"1191\" height=\"2560\" srcset=\"https:\/\/antaxi.es\/wp-content\/uploads\/2017\/11\/NP28-11-scaled.jpg 1191w, https:\/\/antaxi.es\/wp-content\/uploads\/2017\/11\/NP28-11-140x300.jpg 140w, https:\/\/antaxi.es\/wp-content\/uploads\/2017\/11\/NP28-11-476x1024.jpg 476w, https:\/\/antaxi.es\/wp-content\/uploads\/2017\/11\/NP28-11-768x1651.jpg 768w, https:\/\/antaxi.es\/wp-content\/uploads\/2017\/11\/NP28-11-714x1536.jpg 714w\" sizes=\"(max-width: 1191px) 100vw, 1191px\" \/><\/p>\n","protected":false},"excerpt":{"rendered":"<p>Seg\u00fan ha explicado el presidente de ANTAXI y FPTM, J. Sanz, esta  situaci\u00f3n de \u00abasimetr\u00eda legislativa\u00bb<\/p>\n","protected":false},"author":1,"featured_media":348,"comment_status":"open","ping_status":"open","sticky":false,"template":"","format":"standard","meta":{"neve_meta_sidebar":"","neve_meta_container":"","neve_meta_enable_content_width":"","neve_meta_content_width":0,"neve_meta_title_alignment":"","neve_meta_author_avatar":"","neve_post_elements_order":"","neve_meta_disable_header":"","neve_meta_disable_footer":"","neve_meta_disable_title":"","_ti_tpc_template_sync":false,"_ti_tpc_template_id":"","footnotes":""},"categories":[20],"tags":[],"_links":{"self":[{"href":"https:\/\/antaxi.es\/index.php?rest_route=\/wp\/v2\/posts\/350"}],"collection":[{"href":"https:\/\/antaxi.es\/index.php?rest_route=\/wp\/v2\/posts"}],"about":[{"href":"https:\/\/antaxi.es\/index.php?rest_route=\/wp\/v2\/types\/post"}],"author":[{"embeddable":true,"href":"https:\/\/antaxi.es\/index.php?rest_route=\/wp\/v2\/users\/1"}],"replies":[{"embeddable":true,"href":"https:\/\/antaxi.es\/index.php?rest_route=%2Fwp%2Fv2%2Fcomments&post=350"}],"version-history":[{"count":0,"href":"https:\/\/antaxi.es\/index.php?rest_route=\/wp\/v2\/posts\/350\/revisions"}],"wp:featuredmedia":[{"embeddable":true,"href":"https:\/\/antaxi.es\/index.php?rest_route=\/wp\/v2\/media\/348"}],"wp:attachment":[{"href":"https:\/\/antaxi.es\/index.php?rest_route=%2Fwp%2Fv2%2Fmedia&parent=350"}],"wp:term":[{"taxonomy":"category","embeddable":true,"href":"https:\/\/antaxi.es\/index.php?rest_route=%2Fwp%2Fv2%2Fcategories&post=350"},{"taxonomy":"post_tag","embeddable":true,"href":"https:\/\/antaxi.es\/index.php?rest_route=%2Fwp%2Fv2%2Ftags&post=350"}],"curies":[{"name":"wp","href":"https:\/\/api.w.org\/{rel}","templated":true}]}}